{"id":592,"date":"2015-12-17T15:08:57","date_gmt":"2015-12-17T18:08:57","guid":{"rendered":"http:\/\/fedemba.org.ar\/web\/?p=592"},"modified":"2015-12-17T16:10:50","modified_gmt":"2015-12-17T19:10:50","slug":"la-cena-por-el-30o-aniversario-de-fedemba-publicada-en-el-diario-clarin","status":"publish","type":"post","link":"https:\/\/fedemba.org.ar\/web\/la-cena-por-el-30o-aniversario-de-fedemba-publicada-en-el-diario-clarin\/","title":{"rendered":"LA CENA POR EL 30\u00ba ANIVERSARIO DE FEDEMBA PUBLICADA EN EL DIARIO CLAR\u00cdN"},"content":{"rendered":"<p><strong>La Federaci\u00f3n de Entidades Mutuales de Buenos Aires apareci\u00f3 en una publicaci\u00f3n del Diario Clar\u00edn, del 11 de diciembre, en la secci\u00f3n de Sociedad, p\u00e1gina 53, con una foto de la Cena Show por el 30\u00ba Aniversario de FEDEMBA.<\/strong><\/p>\n<p><strong>Destacando la magnitud del evento<\/strong>, en la imagen se ve al Secretario de Prensa de FEDEMBA y Presidente de la Mutualidad del Personal de Clar\u00edn, Sr. Manuel Balea Reino, quien recibe de la Presidenta de CONAM, Dra. Rosa B. Rodr\u00edguez, una placa conmemorativa por ser uno de los fundadores de FEDEMBA.<\/p>\n<p><a href=\"http:\/\/fedemba.org.ar\/web\/wp-content\/uploads\/2015\/12\/foto-en-clarin.jpg\"><img decoding=\"async\" loading=\"lazy\" class=\"alignleft  wp-image-594\" src=\"http:\/\/fedemba.org.ar\/web\/wp-content\/uploads\/2015\/12\/foto-en-clarin.jpg\" alt=\"foto en clarin\" width=\"381\" height=\"581\" srcset=\"https:\/\/fedemba.org.ar\/web\/wp-content\/uploads\/2015\/12\/foto-en-clarin.jpg 741w, https:\/\/fedemba.org.ar\/web\/wp-content\/uploads\/2015\/12\/foto-en-clarin-197x300.jpg 197w, https:\/\/fedemba.org.ar\/web\/wp-content\/uploads\/2015\/12\/foto-en-clarin-671x1024.jpg 671w\" sizes=\"(max-width: 381px) 100vw, 381px\" \/><\/a><\/p>\n","protected":false},"excerpt":{"rendered":"<p>La Federaci\u00f3n de Entidades Mutuales de Buenos Aires apareci\u00f3 en una publicaci\u00f3n del Diario Clar\u00edn, del 11 de diciembre, en la secci\u00f3n de Sociedad, p\u00e1gina 53, con una foto de la Cena Show por el 30\u00ba Aniversario de FEDEMBA.<\/p>\n","protected":false},"author":1,"featured_media":597,"comment_status":"closed","ping_status":"closed","sticky":false,"template":"","format":"standard","meta":[],"categories":[1],"tags":[46,12,6,16,10,14],"_links":{"self":[{"href":"https:\/\/fedemba.org.ar\/web\/wp-json\/wp\/v2\/posts\/592"}],"collection":[{"href":"https:\/\/fedemba.org.ar\/web\/wp-json\/wp\/v2\/posts"}],"about":[{"href":"https:\/\/fedemba.org.ar\/web\/wp-json\/wp\/v2\/types\/post"}],"author":[{"embeddable":true,"href":"https:\/\/fedemba.org.ar\/web\/wp-json\/wp\/v2\/users\/1"}],"replies":[{"embeddable":true,"href":"https:\/\/fedemba.org.ar\/web\/wp-json\/wp\/v2\/comments?post=592"}],"version-history":[{"count":3,"href":"https:\/\/fedemba.org.ar\/web\/wp-json\/wp\/v2\/posts\/592\/revisions"}],"predecessor-version":[{"id":598,"href":"https:\/\/fedemba.org.ar\/web\/wp-json\/wp\/v2\/posts\/592\/revisions\/598"}],"wp:featuredmedia":[{"embeddable":true,"href":"https:\/\/fedemba.org.ar\/web\/wp-json\/wp\/v2\/media\/597"}],"wp:attachment":[{"href":"https:\/\/fedemba.org.ar\/web\/wp-json\/wp\/v2\/media?parent=592"}],"wp:term":[{"taxonomy":"category","embeddable":true,"href":"https:\/\/fedemba.org.ar\/web\/wp-json\/wp\/v2\/categories?post=592"},{"taxonomy":"post_tag","embeddable":true,"href":"https:\/\/fedemba.org.ar\/web\/wp-json\/wp\/v2\/tags?post=592"}],"curies":[{"name":"wp","href":"https:\/\/api.w.org\/{rel}","templated":true}]}}