{"id":681,"date":"2016-04-21T15:31:31","date_gmt":"2016-04-21T18:31:31","guid":{"rendered":"http:\/\/fedemba.org.ar\/web\/?p=681"},"modified":"2016-04-21T16:27:07","modified_gmt":"2016-04-21T19:27:07","slug":"fedemba-presente-en-la-feria-del-libro-2","status":"publish","type":"post","link":"https:\/\/fedemba.org.ar\/web\/fedemba-presente-en-la-feria-del-libro-2\/","title":{"rendered":"FEDEMBA PRESENTE EN LA FERIA DEL LIBRO"},"content":{"rendered":"<p><strong>FEDEMBA, a trav\u00e9s de su Consejo Directivo y de sus empleados, participar\u00e1 en la 42\u00ba edici\u00f3n de la Feria Internacional del Libro de Buenos Aires, del 21 de abril al 9 de mayo, en el predio de la Rural, invitados por la Sra. Noem\u00ed Gladys Gorriz, Directora de la revista Mutualismo Hoy. Adem\u00e1s, ma\u00f1ana asistir\u00e1n a la apertura oficial del stand mutualista, el N\u00ba 3.054\/56 del Sal\u00f3n Ocre.<\/strong><\/p>\n<p><strong>FEDEMBA contin\u00faa<\/strong>\u00a0<strong>activa y arduamente en pos de la visibilidad del mutualismo, para que las actividades solidarias del sector sean conocidas por toda la sociedad. Asimismo cabe destacar que es su cuarta participaci\u00f3n en este evento de enorme envergadura, el cual\u00a0 cada a\u00f1o suma a m\u00e1s visitantes.<\/strong><\/p>\n<p><a href=\"http:\/\/fedemba.org.ar\/web\/wp-content\/uploads\/2016\/04\/13055487_1730225423858219_2771900411427105289_n.jpg\"><img decoding=\"async\" loading=\"lazy\" class=\"alignleft size-full wp-image-682\" src=\"http:\/\/fedemba.org.ar\/web\/wp-content\/uploads\/2016\/04\/13055487_1730225423858219_2771900411427105289_n.jpg\" alt=\"13055487_1730225423858219_2771900411427105289_n\" width=\"960\" height=\"576\" srcset=\"https:\/\/fedemba.org.ar\/web\/wp-content\/uploads\/2016\/04\/13055487_1730225423858219_2771900411427105289_n.jpg 960w, https:\/\/fedemba.org.ar\/web\/wp-content\/uploads\/2016\/04\/13055487_1730225423858219_2771900411427105289_n-300x180.jpg 300w\" sizes=\"(max-width: 960px) 100vw, 960px\" \/><\/a><\/p>\n<p>&nbsp;<\/p>\n<p>&nbsp;<\/p>\n<p>&nbsp;<\/p>\n<p>&nbsp;<\/p>\n<p>&nbsp;<\/p>\n<p>&nbsp;<\/p>\n<p>&nbsp;<\/p>\n<p>&nbsp;<\/p>\n<p>&nbsp;<\/p>\n<p>&nbsp;<\/p>\n<p>&nbsp;<\/p>\n<p>&nbsp;<\/p>\n<p>&nbsp;<\/p>\n<p>&nbsp;<\/p>\n<p>&nbsp;<\/p>\n","protected":false},"excerpt":{"rendered":"<p>FEDEMBA, a trav\u00e9s de su Consejo Directivo y de sus empleados, participar\u00e1 en la 42\u00ba edici\u00f3n de la Feria Internacional del Libro de Buenos Aires, del 21 de abril al 9 de mayo, en el predio de la Rural, invitados por la Sra. Noem\u00ed Gladys Gorriz, Directora de la revista Mutualismo Hoy. Adem\u00e1s, ma\u00f1ana asistir\u00e1n a la apertura oficial del stand mutualista, el N\u00ba 3.054\/56 del Sal\u00f3n Ocre.<\/p>\n","protected":false},"author":1,"featured_media":682,"comment_status":"closed","ping_status":"closed","sticky":false,"template":"","format":"standard","meta":[],"categories":[1],"tags":[12,6,21,22,10],"_links":{"self":[{"href":"https:\/\/fedemba.org.ar\/web\/wp-json\/wp\/v2\/posts\/681"}],"collection":[{"href":"https:\/\/fedemba.org.ar\/web\/wp-json\/wp\/v2\/posts"}],"about":[{"href":"https:\/\/fedemba.org.ar\/web\/wp-json\/wp\/v2\/types\/post"}],"author":[{"embeddable":true,"href":"https:\/\/fedemba.org.ar\/web\/wp-json\/wp\/v2\/users\/1"}],"replies":[{"embeddable":true,"href":"https:\/\/fedemba.org.ar\/web\/wp-json\/wp\/v2\/comments?post=681"}],"version-history":[{"count":4,"href":"https:\/\/fedemba.org.ar\/web\/wp-json\/wp\/v2\/posts\/681\/revisions"}],"predecessor-version":[{"id":690,"href":"https:\/\/fedemba.org.ar\/web\/wp-json\/wp\/v2\/posts\/681\/revisions\/690"}],"wp:featuredmedia":[{"embeddable":true,"href":"https:\/\/fedemba.org.ar\/web\/wp-json\/wp\/v2\/media\/682"}],"wp:attachment":[{"href":"https:\/\/fedemba.org.ar\/web\/wp-json\/wp\/v2\/media?parent=681"}],"wp:term":[{"taxonomy":"category","embeddable":true,"href":"https:\/\/fedemba.org.ar\/web\/wp-json\/wp\/v2\/categories?post=681"},{"taxonomy":"post_tag","embeddable":true,"href":"https:\/\/fedemba.org.ar\/web\/wp-json\/wp\/v2\/tags?post=681"}],"curies":[{"name":"wp","href":"https:\/\/api.w.org\/{rel}","templated":true}]}}