{"id":692,"date":"2016-05-02T15:54:18","date_gmt":"2016-05-02T18:54:18","guid":{"rendered":"http:\/\/fedemba.org.ar\/web\/?p=692"},"modified":"2016-05-02T15:56:18","modified_gmt":"2016-05-02T18:56:18","slug":"fedemba-participo-en-la-asamblea-de-conam","status":"publish","type":"post","link":"https:\/\/fedemba.org.ar\/web\/fedemba-participo-en-la-asamblea-de-conam\/","title":{"rendered":"FEDEMBA PARTICIP\u00d3 EN LA ASAMBLEA DE CONAM"},"content":{"rendered":"<p>La Confederaci\u00f3n Nacional de Mutualidades de la Rep\u00fablica Argentina (CONAM) desarroll\u00f3 el 28 de abril la Asamblea General Ordinaria\u00a0en la Escuela de Pasteler\u00eda Profesional de la Asociaci\u00f3n Mutual 12 de Enero Trabajadores Pasteleros, Confiteros, Pizzeros, Heladeros, Alfajoreros y Servicios R\u00e1pidos,\u00a0donde asumieron las nuevas autoridades en un marco de grata camarader\u00eda. Como todos los a\u00f1os, a trav\u00e9s de los cinco delegados que le corresponden, FEDEMBA particip\u00f3 de la misma.<\/p>\n<p>La Asamblea cont\u00f3 con un gran n\u00famero de asistentes, entre los que se encontraban el recientemente electo\u00a0Diputado Nacional por Santa Cruz, H\u00e9ctor Roquel; el Secretario General del Sindicato de Petr\u00f3leo, Gas y Biocombustibles de la Cuenca Austral, Marcelo Nevil Turchetti; las Sras. Margarita Varela y Patricia Caris, del \u00c1rea Registro Nacional de Cooperativas y Mutuales del INAES; el Sr. Alfredo Sigliano, Presidente de ODEMA;\u00a0directivos de las Federaciones adheridas a CONAM, de las mutuales que representan a estas federaciones y diversos representantes de entidades de Santiago del Estero, La Rioja, Mendoza, Santa Cruz, Chaco, Formosa y Buenos Aires.<\/p>\n<p><a href=\"http:\/\/fedemba.org.ar\/web\/wp-content\/uploads\/2016\/05\/6221.jpg\"><img decoding=\"async\" loading=\"lazy\" class=\"alignleft size-full wp-image-694\" src=\"http:\/\/fedemba.org.ar\/web\/wp-content\/uploads\/2016\/05\/6221.jpg\" alt=\"6221\" width=\"3888\" height=\"2592\" srcset=\"https:\/\/fedemba.org.ar\/web\/wp-content\/uploads\/2016\/05\/6221.jpg 3888w, https:\/\/fedemba.org.ar\/web\/wp-content\/uploads\/2016\/05\/6221-300x200.jpg 300w, https:\/\/fedemba.org.ar\/web\/wp-content\/uploads\/2016\/05\/6221-1024x683.jpg 1024w\" sizes=\"(max-width: 3888px) 100vw, 3888px\" \/><\/a> <a href=\"http:\/\/fedemba.org.ar\/web\/wp-content\/uploads\/2016\/05\/DSCN1827.jpg\"><img decoding=\"async\" loading=\"lazy\" class=\"alignleft size-full wp-image-695\" src=\"http:\/\/fedemba.org.ar\/web\/wp-content\/uploads\/2016\/05\/DSCN1827.jpg\" alt=\"DSCN1827\" width=\"4000\" height=\"3000\" srcset=\"https:\/\/fedemba.org.ar\/web\/wp-content\/uploads\/2016\/05\/DSCN1827.jpg 4000w, https:\/\/fedemba.org.ar\/web\/wp-content\/uploads\/2016\/05\/DSCN1827-300x225.jpg 300w, https:\/\/fedemba.org.ar\/web\/wp-content\/uploads\/2016\/05\/DSCN1827-1024x768.jpg 1024w\" sizes=\"(max-width: 4000px) 100vw, 4000px\" \/><\/a> <a href=\"http:\/\/fedemba.org.ar\/web\/wp-content\/uploads\/2016\/05\/DSCN1868.jpg\"><img decoding=\"async\" loading=\"lazy\" class=\"alignleft size-full wp-image-696\" src=\"http:\/\/fedemba.org.ar\/web\/wp-content\/uploads\/2016\/05\/DSCN1868.jpg\" alt=\"DSCN1868\" width=\"3639\" height=\"2802\" srcset=\"https:\/\/fedemba.org.ar\/web\/wp-content\/uploads\/2016\/05\/DSCN1868.jpg 3639w, https:\/\/fedemba.org.ar\/web\/wp-content\/uploads\/2016\/05\/DSCN1868-300x231.jpg 300w, https:\/\/fedemba.org.ar\/web\/wp-content\/uploads\/2016\/05\/DSCN1868-1024x788.jpg 1024w\" sizes=\"(max-width: 3639px) 100vw, 3639px\" \/><\/a><\/p>\n<p>A todos ellos, la Presidenta de CONAM Dra. Rosa B. Rodr\u00edguez, quien adem\u00e1s es la Secretaria de Promoci\u00f3n y Relaciones Institucionales de FEDEMBA, agradeci\u00f3 complacida sus presencias y el desempe\u00f1o que realiza cada uno por el engrandecimiento del sector. Adem\u00e1s, recalc\u00f3 la constante ayuda que recibi\u00f3 y c\u00f3mo cada uno desde su lugar defendi\u00f3 institucionalmente a la Confederaci\u00f3n durante el a\u00f1o pasado, tanto los directivos de la Junta Ejecutiva, como la Comisi\u00f3n de G\u00e9nero, la Comisi\u00f3n de la Juventud y los empleados. Asimismo, se dio lectura a una nota del Presidente del INAES Dr. Marcelo Collomb, quien se disculp\u00f3 por no poder asistir.<\/p>\n<p>Posteriormente, luego de las correspondientes aprobaciones de Memoria, Balance General, Cuadros Anexos, Cuenta de Gastos y Recursos, Informe de la Junta Fiscalizadora y del Auditor Externo del Ejercicio cerrado al 31 de Diciembre de 2015,\u00a0se proyect\u00f3 un video con todas las actividades desarrolladas por la Confederaci\u00f3n durante el a\u00f1o 2015 y lo que va del 2016.<\/p>\n<p>Por \u00faltimo, se presentaron las nuevas autoridades de CONAM bajo el reiterado aplauso y aliento de los presentes para la nueva gesti\u00f3n que comienza.<\/p>\n<p><strong><u>JUNTA EJECUTIVA DE LA CONFEDERACI\u00d3N NACIONAL DE MUTUALIDADES DE LA REP\u00daBLICA ARGENTINA<br \/>\n<\/u><\/strong><strong><br \/>\nPRESIDENTE:<\/strong> ROSA BEATRIZ RODR\u00cdGUEZ<strong><br \/>\n<\/strong>FEDEMBA \u2013 FEDERACI\u00d3N DE ENTIDADES MUTUALES DE BUENOS AIRES<strong><br \/>\n<\/strong>FOCOMFA \u2013 MUTUALIDAD DEL FONDO COMPENSADOR PARA JUBILACIONES Y PENSIONES DEL PERSONAL CIVIL DE LA FUERZA A\u00c9REA<\/p>\n<p>VICEPRESIDENTE: ALBERTO SANTOS SALOM<strong><br \/>\n<\/strong>FEDEMBA \u2013 FEDERACI\u00d3N DE ENTIDADES MUTUALES DE BUENOS AIRES<strong><br \/>\n<\/strong>AMEPORT \u2013 MUTUAL DEL PERSONAL DEL ESTADO NACIONAL, PROVINCIAL, MUNICIPAL Y AFINES<\/p>\n<p>SECRETARIO: HUGO H\u00c9CTOR BOZZINI<strong><br \/>\n<\/strong>FEDEMBA \u2013 FEDERACI\u00d3N DE ENTIDADES MUTUALES DE BUENOS AIRES<strong><br \/>\n<\/strong>ASOCIACI\u00d3N MUTUAL DE PROTECCI\u00d3N FAMILIAR<\/p>\n<p>PROSECRETARIO: ANDR\u00c9S HORACIO RODR\u00cdGUEZ<br \/>\nFEDEMBA \u2013 FEDERACI\u00d3N DE ENTIDADES MUTUALES DE BUENOS AIRES<strong><br \/>\n<\/strong>AMUPEJA \u2013 ASOCIACI\u00d3N MUTUAL DEL PERSONAL Y EMISORAS DE JUEGOS DE AZAR<\/p>\n<p>TESORERO: GUILLERMO ENRIQUE PALACIOS<strong><br \/>\n<\/strong>FEDETUR &#8211; FEDERACI\u00d3N DE COOPERATIVAS Y MUTUALES DE LA RED FEDERAL DE TURISMO<strong><br \/>\n<\/strong>MUTUAL GAS<\/p>\n<p>PROTESORERO: MANUEL ALBERTO GONZ\u00c1LEZ<strong><br \/>\n<\/strong>FEDETUR &#8211; FEDERACI\u00d3N DE COOPERATIVAS Y MUTUALES DE LA RED FEDERAL DE TURISMO<strong><br \/>\n<\/strong>MUTUAL L\u00cdDER DE LA PREVISI\u00d3N SOCIAL<\/p>\n<p><u>VOCALES TITULARES<br \/>\n<\/u><br \/>\nVOCAL TITULAR 1\u00ba: MANUEL BALEA REINO<strong><br \/>\n<\/strong>FEDEMBA \u2013 FEDERACI\u00d3N DE ENTIDADES MUTUALES DE BUENOS AIRES<strong><br \/>\n<\/strong>MUTUALIDAD DEL PERSONAL DE CLAR\u00cdN<\/p>\n<p>VOCAL TITULAR 2\u00ba: DAR\u00cdO MART\u00cdNEZ CORTI<strong><br \/>\n<\/strong>FEDEMBA \u2013 FEDERACI\u00d3N DE ENTIDADES MUTUALES DE BUENOS AIRES<strong><br \/>\n<\/strong>ASOCIACI\u00d3N MUTUAL DE PROTECCI\u00d3N FAMILIAR<\/p>\n<p>VOCAL TITULAR 3\u00ba: RAM\u00d3N AN\u00cdBAL OSCAR TOVANI<strong><br \/>\n<\/strong>FEDEMBA \u2013 FEDERACI\u00d3N DE ENTIDADES MUTUALES DE BUENOS AIRES<strong><br \/>\n<\/strong>ASOCIACI\u00d3N MUTUAL \u201c12 DE ENERO\u201d TRABAJADORES PASTELEROS, CONFITEROS, PIZZEROS, HELADEROS, ALFAJOREROS Y SERVICIOS RAPIDOS<\/p>\n<p><u>VOCALES SUPLENTES<\/u><\/p>\n<p>VOCAL SUPLENTE 1\u00ba: JOS\u00c9 LUIS MINZONI<strong><br \/>\n<\/strong>FESAMU \u2013 FEDERACI\u00d3N SANTACRUCE\u00d1A DE MUTUALES<strong><br \/>\n<\/strong>ASOCIACI\u00d3N MUTUAL DEL GAS Y PETR\u00d3LEO DE SANTA CRUZ<\/p>\n<p>VOCAL SUPLENTE 2\u00ba: ISIDRO RAM\u00d3N SILVA<strong><br \/>\n<\/strong>FEMMEVI \u2013 FEDERACI\u00d3N DE MUTUALES MENDOCINAS DE VIVIENDA<strong><br \/>\n<\/strong>MUTUAL PARA FILIADOS MEC\u00c1NICOS Y AFINES DE MENDOZA<\/p>\n<p>VOCAL SUPLENTE 3\u00ba: ALBERTO JOS\u00c9 HIDALGO<strong><br \/>\n<\/strong>FEDEMBA \u2013 FEDERACI\u00d3N DE ENTIDADES MUTUALES DE BUENOS AIRES<strong><br \/>\n<\/strong>MUTUAL DEL C\u00cdRCULO DE BOMBEROS VOLUNTARIOS RETIRADOS DE LA PROVINCIA DE BUENOS AIRES<\/p>\n<p>VOCAL SUPLENTE 4\u00ba: JORGE HORACIO CAIMI<strong><br \/>\n<\/strong>FEDEMBA \u2013 FEDERACI\u00d3N DE ENTIDADES MUTUALES DE BUENOS AIRES<strong><br \/>\n<\/strong>AMEPORT \u2013 MUTUAL DEL PERSONAL DEL ESTADO NACIONAL, PROVINCIAL, MUNICIPAL Y AFINES<\/p>\n<p>VOCAL SUPLENTE 5\u00ba: ROBERTO JOS\u00c9 MAR\u00cdA DE CICCO<strong><br \/>\n<\/strong>FEDEMBA \u2013 FEDERACI\u00d3N DE ENTIDADES MUTUALES DE BUENOS AIRES<strong><br \/>\n<\/strong>ASOCIACI\u00d3N MUTUAL DEL PERSONAL DE COMUNICACIONES<\/p>\n<p><u>JUNTA FISCALIZADORA TITULAR<br \/>\n<\/u><br \/>\nJUNTA FISCALIZADORA TITULAR 1\u00ba: JUAN CARLOS RODR\u00cdGUEZ<strong><br \/>\n<\/strong>FEDEMBA \u2013 FEDERACI\u00d3N DE ENTIDADES MUTUALES DE BUENOS AIRES<strong><br \/>\n<\/strong>C\u00cdRCULO DE SUBOFICIALES DE LA PREFECTURA NAVAL ARGENTINA PROTECCI\u00d3N REC\u00cdPROCA<\/p>\n<p>JUNTA FISCALIZADORA TITULAR 2\u00ba: FERNANDO LEOPOLDO VEGA<strong><br \/>\n<\/strong>FEDEMBA \u2013 FEDERACI\u00d3N DE ENTIDADES MUTUALES DE BUENOS AIRES<strong><br \/>\n<\/strong>C\u00cdRCULO DE SUBOFICIALES DE LA FUERZA A\u00c9REA ARGENTINA ASOCIACI\u00d3N MUTUAL<\/p>\n<p>JUNTA FISCALIZADORA TITULAR 3\u00ba: RICARDO OSVALDO LORENZO<strong><br \/>\n<\/strong>FEDEMBA \u2013 FEDERACI\u00d3N DE ENTIDADES MUTUALES DE BUENOS AIRES<strong><br \/>\n<\/strong>AMEPORT \u2013 MUTUAL DEL PERSONAL DEL ESTADO NACIONAL, PROVINCIAL, MUNICIPAL Y AFINES<\/p>\n<p><u>JUNTA FISCALIZADORA SUPLENTE<br \/>\n<\/u><br \/>\nJUNTA FISCALIZADORA SUPLENTE 1\u00ba: OSVALDO ALBERTO ARSCONE<strong><br \/>\n<\/strong>FEDEMBA \u2013 FEDERACI\u00d3N DE ENTIDADES MUTUALES DE BUENOS AIRES<strong><br \/>\n<\/strong>ASOCIACI\u00d3N MUTUAL DEL PERSONAL SUPERIOR DE EMPRESAS DE ENERG\u00cdA<\/p>\n<p>JUNTA FISCALIZADORA SUPLENTE 2\u00ba: SILVIA VILLAVERDE<strong><br \/>\n<\/strong>FEDEMBA \u2013 FEDERACI\u00d3N DE ENTIDADES MUTUALES DE BUENOS AIRES<strong><br \/>\n<\/strong>ASOCIACI\u00d3N MUTUAL \u201c12 DE ENERO\u201d TRABAJADORES PASTELEROS, CONFITEROS, PIZZEROS, HELADEROS, ALFAJOREROS Y SERVICIOS RAPIDOS<\/p>\n<p><a href=\"http:\/\/fedemba.org.ar\/web\/wp-content\/uploads\/2016\/05\/62171.jpg\"><img decoding=\"async\" loading=\"lazy\" class=\"alignleft size-full wp-image-693\" src=\"http:\/\/fedemba.org.ar\/web\/wp-content\/uploads\/2016\/05\/62171.jpg\" alt=\"6217\" width=\"3888\" height=\"2592\" srcset=\"https:\/\/fedemba.org.ar\/web\/wp-content\/uploads\/2016\/05\/62171.jpg 3888w, https:\/\/fedemba.org.ar\/web\/wp-content\/uploads\/2016\/05\/62171-300x200.jpg 300w, https:\/\/fedemba.org.ar\/web\/wp-content\/uploads\/2016\/05\/62171-1024x683.jpg 1024w\" sizes=\"(max-width: 3888px) 100vw, 3888px\" \/><\/a><\/p>\n","protected":false},"excerpt":{"rendered":"<p>La Confederaci\u00f3n Nacional de Mutualidades de la Rep\u00fablica Argentina (CONAM) desarroll\u00f3 el 28 de abril la Asamblea General Ordinaria en la Escuela de Pasteler\u00eda Profesional de la Asociaci\u00f3n Mutual 12 de Enero Trabajadores Pasteleros, Confiteros, Pizzeros, Heladeros, Alfajoreros y Servicios R\u00e1pidos, donde asumieron las nuevas autoridades en un marco de grata camarader\u00eda. Como todos los a\u00f1os,a  trav\u00e9s de los cinco delegados que le corresponden, FEDEMBA particip\u00f3 de la misma.<\/p>\n","protected":false},"author":1,"featured_media":693,"comment_status":"closed","ping_status":"closed","sticky":false,"template":"","format":"standard","meta":[],"categories":[1],"tags":[19,9,12,6,10,14],"_links":{"self":[{"href":"https:\/\/fedemba.org.ar\/web\/wp-json\/wp\/v2\/posts\/692"}],"collection":[{"href":"https:\/\/fedemba.org.ar\/web\/wp-json\/wp\/v2\/posts"}],"about":[{"href":"https:\/\/fedemba.org.ar\/web\/wp-json\/wp\/v2\/types\/post"}],"author":[{"embeddable":true,"href":"https:\/\/fedemba.org.ar\/web\/wp-json\/wp\/v2\/users\/1"}],"replies":[{"embeddable":true,"href":"https:\/\/fedemba.org.ar\/web\/wp-json\/wp\/v2\/comments?post=692"}],"version-history":[{"count":2,"href":"https:\/\/fedemba.org.ar\/web\/wp-json\/wp\/v2\/posts\/692\/revisions"}],"predecessor-version":[{"id":698,"href":"https:\/\/fedemba.org.ar\/web\/wp-json\/wp\/v2\/posts\/692\/revisions\/698"}],"wp:featuredmedia":[{"embeddable":true,"href":"https:\/\/fedemba.org.ar\/web\/wp-json\/wp\/v2\/media\/693"}],"wp:attachment":[{"href":"https:\/\/fedemba.org.ar\/web\/wp-json\/wp\/v2\/media?parent=692"}],"wp:term":[{"taxonomy":"category","embeddable":true,"href":"https:\/\/fedemba.org.ar\/web\/wp-json\/wp\/v2\/categories?post=692"},{"taxonomy":"post_tag","embeddable":true,"href":"https:\/\/fedemba.org.ar\/web\/wp-json\/wp\/v2\/tags?post=692"}],"curies":[{"name":"wp","href":"https:\/\/api.w.org\/{rel}","templated":true}]}}