{"id":699,"date":"2016-05-04T15:04:07","date_gmt":"2016-05-04T18:04:07","guid":{"rendered":"http:\/\/fedemba.org.ar\/web\/?p=699"},"modified":"2016-05-04T17:10:10","modified_gmt":"2016-05-04T20:10:10","slug":"entrevista-al-presidente-y-al-asesor-juridico-de-fedemba","status":"publish","type":"post","link":"https:\/\/fedemba.org.ar\/web\/entrevista-al-presidente-y-al-asesor-juridico-de-fedemba\/","title":{"rendered":"ENTREVISTA AL PRESIDENTE Y AL ASESOR JUR\u00cdDICO DE FEDEMBA"},"content":{"rendered":"<p><strong>El Presidente de FEDEMBA, Dr. Dar\u00edo Mart\u00ednez Corti, y el Asesor Jur\u00eddico, Dr. Roberto De Cicco, fueron entrevistados el pasado 10 de marzo, en la sede social de la Federaci\u00f3n, por el programa Somos Protagonistas<\/strong><strong>.<\/strong> En una charla amena y cordial, se interioriz\u00f3 respecto de las actividades del sector mutualista en general y de FEDEMBA en particular.<\/p>\n<p><strong>La entrevista a los representantes de la Federaci\u00f3n de Entidades Mutuales de Buenos Aires fue transmitida por el canal 425 digital de Cablevisi\u00f3n y Multicanal.<\/strong><\/p>\n<p><strong><iframe loading=\"lazy\" src=\"https:\/\/www.youtube.com\/embed\/aswNKMqwLNU\" width=\"550\" height=\"340\" frameborder=\"0\" allowfullscreen=\"allowfullscreen\"><\/iframe><\/strong><\/p>\n<p>Somos Protagonistas es un espacio dedicado a mostrar la realidad en nuestra sociedad que intenta forjar un mejor presente y futuro para los argentinos.\u00a0<a href=\"http:\/\/somosprotagonistas.blogspot.com.ar\/\">P\u00c1GINA WEB DE SOMOS PROTAGONISTAS<br \/>\n<\/a><strong>FEDEMBA contin\u00faa con su\u00a0desempe\u00f1o en la difusi\u00f3n de los valores mutualistas y de todas las actividades que sus mutuales realizan.\u00a0<\/strong><\/p>\n<p><a href=\"http:\/\/fedemba.org.ar\/web\/wp-content\/uploads\/2016\/04\/FEDEMBA-INFORMA-2.jpg\"><img decoding=\"async\" loading=\"lazy\" class=\"alignleft size-full wp-image-654\" src=\"http:\/\/fedemba.org.ar\/web\/wp-content\/uploads\/2016\/04\/FEDEMBA-INFORMA-2.jpg\" alt=\"FEDEMBA INFORMA 2\" width=\"923\" height=\"571\" srcset=\"https:\/\/fedemba.org.ar\/web\/wp-content\/uploads\/2016\/04\/FEDEMBA-INFORMA-2.jpg 923w, https:\/\/fedemba.org.ar\/web\/wp-content\/uploads\/2016\/04\/FEDEMBA-INFORMA-2-300x186.jpg 300w\" sizes=\"(max-width: 923px) 100vw, 923px\" \/><\/a><\/p>\n","protected":false},"excerpt":{"rendered":"<p>El Presidente de FEDEMBA, Dr. Dar\u00edo Mart\u00ednez Corti, y el Asesor Jur\u00eddico, Dr. Roberto De Cicco, fueron entrevistados el pasado 10 de marzo, en la sede social de la Federaci\u00f3n, por el programa Somos Protagonistas. <\/p>\n","protected":false},"author":1,"featured_media":654,"comment_status":"closed","ping_status":"closed","sticky":false,"template":"","format":"standard","meta":[],"categories":[1],"tags":[7,12,6,10,57],"_links":{"self":[{"href":"https:\/\/fedemba.org.ar\/web\/wp-json\/wp\/v2\/posts\/699"}],"collection":[{"href":"https:\/\/fedemba.org.ar\/web\/wp-json\/wp\/v2\/posts"}],"about":[{"href":"https:\/\/fedemba.org.ar\/web\/wp-json\/wp\/v2\/types\/post"}],"author":[{"embeddable":true,"href":"https:\/\/fedemba.org.ar\/web\/wp-json\/wp\/v2\/users\/1"}],"replies":[{"embeddable":true,"href":"https:\/\/fedemba.org.ar\/web\/wp-json\/wp\/v2\/comments?post=699"}],"version-history":[{"count":5,"href":"https:\/\/fedemba.org.ar\/web\/wp-json\/wp\/v2\/posts\/699\/revisions"}],"predecessor-version":[{"id":704,"href":"https:\/\/fedemba.org.ar\/web\/wp-json\/wp\/v2\/posts\/699\/revisions\/704"}],"wp:featuredmedia":[{"embeddable":true,"href":"https:\/\/fedemba.org.ar\/web\/wp-json\/wp\/v2\/media\/654"}],"wp:attachment":[{"href":"https:\/\/fedemba.org.ar\/web\/wp-json\/wp\/v2\/media?parent=699"}],"wp:term":[{"taxonomy":"category","embeddable":true,"href":"https:\/\/fedemba.org.ar\/web\/wp-json\/wp\/v2\/categories?post=699"},{"taxonomy":"post_tag","embeddable":true,"href":"https:\/\/fedemba.org.ar\/web\/wp-json\/wp\/v2\/tags?post=699"}],"curies":[{"name":"wp","href":"https:\/\/api.w.org\/{rel}","templated":true}]}}