{"id":764,"date":"2016-06-23T15:26:28","date_gmt":"2016-06-23T18:26:28","guid":{"rendered":"http:\/\/fedemba.org.ar\/web\/?p=764"},"modified":"2016-06-23T15:26:28","modified_gmt":"2016-06-23T18:26:28","slug":"fedemba-participo-en-la-jornada-de-capacitacion-organizada-por-lazos-mutualistas","status":"publish","type":"post","link":"https:\/\/fedemba.org.ar\/web\/fedemba-participo-en-la-jornada-de-capacitacion-organizada-por-lazos-mutualistas\/","title":{"rendered":"FEDEMBA PARTICIP\u00d3 EN LA JORNADA DE CAPACITACI\u00d3N ORGANIZADA POR LAZOS MUTUALISTAS"},"content":{"rendered":"<p>La Federaci\u00f3n de Entidades Mutuales de Buenos Aires (FEDEMBA) particip\u00f3, a trav\u00e9s de su asesor jur\u00eddico y Vocal Suplente 5\u00ba de CONAM, Dr. Roberto De Cicco, en la Jornada de Capacitaci\u00f3n sobre Fiscalizaci\u00f3n en Mutuales, Obligaciones con el Instituto Nacional de Asociativismo y Econom\u00eda Social (INAES), AFIP, UIF y otros organismos, organizada por la revista Lazos Mutualistas, el pasado 16 de junio en el Hotel Savoy de Capital Federal.<\/p>\n<p>La Jornada cont\u00f3 con las exposiciones de la Asesora T\u00e9cnica Contable de la Gerencia de Inspecci\u00f3n del INAES, Sra. Mar\u00eda del Huerto Di Loreto, y de la Contadora P\u00fablica Especialista en Gesti\u00f3n de Entidades sin fines de lucro, Sra. Mabel Beatriz Cambeiro.<\/p>\n<p>A su vez, el Dr. Roberto De Cicco se interioriz\u00f3, junto con los dem\u00e1s asistentes de la jornada, respecto a temas sobre los cuales surgieron muchas problem\u00e1ticas en el \u00faltimo tiempo como r\u00fabricas de libros y certificados de cumplimiento, este \u00faltimo sobre todo por el tema de las demoras.<\/p>\n","protected":false},"excerpt":{"rendered":"<p>La Federaci\u00f3n de Entidades Mutuales de Buenos Aires (FEDEMBA) particip\u00f3, a trav\u00e9s de su asesor jur\u00eddico y Vocal Suplente 5\u00ba de CONAM, Dr. Roberto De Cicco, en la Jornada de Capacitaci\u00f3n sobre Fiscalizaci\u00f3n en Mutuales, Obligaciones con el Instituto Nacional de Asociativismo y Econom\u00eda Social (INAES), AFIP, UIF y otros organismos, organizada por la revista Lazos Mutualistas, el pasado 16 de junio en el Hotel Savoy de Capital Federal.<\/p>\n","protected":false},"author":1,"featured_media":765,"comment_status":"closed","ping_status":"closed","sticky":false,"template":"","format":"standard","meta":[],"categories":[1],"tags":[9,12,6,8,15,65,10,57],"_links":{"self":[{"href":"https:\/\/fedemba.org.ar\/web\/wp-json\/wp\/v2\/posts\/764"}],"collection":[{"href":"https:\/\/fedemba.org.ar\/web\/wp-json\/wp\/v2\/posts"}],"about":[{"href":"https:\/\/fedemba.org.ar\/web\/wp-json\/wp\/v2\/types\/post"}],"author":[{"embeddable":true,"href":"https:\/\/fedemba.org.ar\/web\/wp-json\/wp\/v2\/users\/1"}],"replies":[{"embeddable":true,"href":"https:\/\/fedemba.org.ar\/web\/wp-json\/wp\/v2\/comments?post=764"}],"version-history":[{"count":1,"href":"https:\/\/fedemba.org.ar\/web\/wp-json\/wp\/v2\/posts\/764\/revisions"}],"predecessor-version":[{"id":766,"href":"https:\/\/fedemba.org.ar\/web\/wp-json\/wp\/v2\/posts\/764\/revisions\/766"}],"wp:featuredmedia":[{"embeddable":true,"href":"https:\/\/fedemba.org.ar\/web\/wp-json\/wp\/v2\/media\/765"}],"wp:attachment":[{"href":"https:\/\/fedemba.org.ar\/web\/wp-json\/wp\/v2\/media?parent=764"}],"wp:term":[{"taxonomy":"category","embeddable":true,"href":"https:\/\/fedemba.org.ar\/web\/wp-json\/wp\/v2\/categories?post=764"},{"taxonomy":"post_tag","embeddable":true,"href":"https:\/\/fedemba.org.ar\/web\/wp-json\/wp\/v2\/tags?post=764"}],"curies":[{"name":"wp","href":"https:\/\/api.w.org\/{rel}","templated":true}]}}