{"id":772,"date":"2016-07-04T16:17:55","date_gmt":"2016-07-04T19:17:55","guid":{"rendered":"http:\/\/fedemba.org.ar\/web\/?p=772"},"modified":"2016-07-04T16:18:58","modified_gmt":"2016-07-04T19:18:58","slug":"se-desarrollo-el-curso-de-capacitacion-organizado-por-ampf","status":"publish","type":"post","link":"https:\/\/fedemba.org.ar\/web\/se-desarrollo-el-curso-de-capacitacion-organizado-por-ampf\/","title":{"rendered":"SE DESARROLL\u00d3 EL CURSO DE CAPACITACI\u00d3N ORGANIZADO POR AMPF"},"content":{"rendered":"<p><strong>La Asociaci\u00f3n Mutual de Protecci\u00f3n Familiar (AMPF),<\/strong> entidad adherida a FEDEMBA, <strong>organiz\u00f3 a trav\u00e9s de\u00a0su\u00a0Instituto de Capacitaci\u00f3n Mutual \u201cCarlos Castillo\u201d un Curso de Conducci\u00f3n y Estrategia,<\/strong> el pasado 28 de junio en el Aula Principal del Instituto. La capacitaci\u00f3n, que estuvo destinada en forma gratuita a todas las mutuales adheridas a la Federaci\u00f3n, cont\u00f3 con una gran\u00a0concurrencia de directivos y empleados de diversas entidades.<\/p>\n<p><strong>La finalidad del curso apunt\u00f3 a potenciar la conducci\u00f3n, gerencia y direcci\u00f3n de los profesionales<\/strong> dentro de las instituciones de la econom\u00eda social y solidaria. Asimismo, se realiz\u00f3 una breve reflexi\u00f3n final acerca de los retos y consecuencias que plantea llevar adelante entidades s\u00f3lidas, modernas, efectivas y eficientes para su \u00e9xito.<\/p>\n<p><a href=\"http:\/\/fedemba.org.ar\/web\/wp-content\/uploads\/2016\/07\/Imagen-006.jpg\"><img decoding=\"async\" loading=\"lazy\" class=\"alignleft size-large wp-image-775\" src=\"http:\/\/fedemba.org.ar\/web\/wp-content\/uploads\/2016\/07\/Imagen-006-1024x682.jpg\" alt=\"Imagen 006\" width=\"1024\" height=\"682\" srcset=\"https:\/\/fedemba.org.ar\/web\/wp-content\/uploads\/2016\/07\/Imagen-006-1024x682.jpg 1024w, https:\/\/fedemba.org.ar\/web\/wp-content\/uploads\/2016\/07\/Imagen-006-300x200.jpg 300w\" sizes=\"(max-width: 1024px) 100vw, 1024px\" \/><\/a><\/p>\n<p><strong>Las disertaciones estuvieron a cargo del Lic. Carlos Castro y el Prof. Sergio Echag\u00fce<\/strong>, quienes se mostraron atentos a las inquietudes y dudas de los presentes y resaltaron mancomunadamente con ellos los criterios de equilibrio entra la provisi\u00f3n de los servicios que ofrecen cada una de las entidades y la necesidad de proyectar una econom\u00eda de la mutual al corto, mediano y largo plazo.<\/p>\n<p><a href=\"http:\/\/fedemba.org.ar\/web\/wp-content\/uploads\/2016\/07\/Imagen-010.jpg\"><img decoding=\"async\" loading=\"lazy\" class=\"alignleft size-large wp-image-776\" src=\"http:\/\/fedemba.org.ar\/web\/wp-content\/uploads\/2016\/07\/Imagen-010-1024x682.jpg\" alt=\"Imagen 010\" width=\"1024\" height=\"682\" srcset=\"https:\/\/fedemba.org.ar\/web\/wp-content\/uploads\/2016\/07\/Imagen-010-1024x682.jpg 1024w, https:\/\/fedemba.org.ar\/web\/wp-content\/uploads\/2016\/07\/Imagen-010-300x200.jpg 300w\" sizes=\"(max-width: 1024px) 100vw, 1024px\" \/><\/a> <a href=\"http:\/\/fedemba.org.ar\/web\/wp-content\/uploads\/2016\/06\/Curso-Instituto-AMPF-junio-2016.jpg\"><img decoding=\"async\" loading=\"lazy\" class=\"alignleft size-large wp-image-739\" src=\"http:\/\/fedemba.org.ar\/web\/wp-content\/uploads\/2016\/06\/Curso-Instituto-AMPF-junio-2016-765x1024.jpg\" alt=\"Print\" width=\"765\" height=\"1024\" srcset=\"https:\/\/fedemba.org.ar\/web\/wp-content\/uploads\/2016\/06\/Curso-Instituto-AMPF-junio-2016-765x1024.jpg 765w, https:\/\/fedemba.org.ar\/web\/wp-content\/uploads\/2016\/06\/Curso-Instituto-AMPF-junio-2016-224x300.jpg 224w, https:\/\/fedemba.org.ar\/web\/wp-content\/uploads\/2016\/06\/Curso-Instituto-AMPF-junio-2016.jpg 900w\" sizes=\"(max-width: 765px) 100vw, 765px\" \/><\/a><\/p>\n","protected":false},"excerpt":{"rendered":"<p>La Asociaci\u00f3n Mutual de Protecci\u00f3n Familiar (AMPF), entidad adherida a FEDEMBA, organiz\u00f3 a trav\u00e9s de su Instituto de Capacitaci\u00f3n Mutual \u201cCarlos Castillo\u201d un Curso de Conducci\u00f3n y Estrategia, el pasado 28 de junio en el Aula Principal del Instituto. <\/p>\n","protected":false},"author":1,"featured_media":774,"comment_status":"closed","ping_status":"closed","sticky":false,"template":"","format":"standard","meta":[],"categories":[1],"tags":[62,12,6,67,10],"_links":{"self":[{"href":"https:\/\/fedemba.org.ar\/web\/wp-json\/wp\/v2\/posts\/772"}],"collection":[{"href":"https:\/\/fedemba.org.ar\/web\/wp-json\/wp\/v2\/posts"}],"about":[{"href":"https:\/\/fedemba.org.ar\/web\/wp-json\/wp\/v2\/types\/post"}],"author":[{"embeddable":true,"href":"https:\/\/fedemba.org.ar\/web\/wp-json\/wp\/v2\/users\/1"}],"replies":[{"embeddable":true,"href":"https:\/\/fedemba.org.ar\/web\/wp-json\/wp\/v2\/comments?post=772"}],"version-history":[{"count":3,"href":"https:\/\/fedemba.org.ar\/web\/wp-json\/wp\/v2\/posts\/772\/revisions"}],"predecessor-version":[{"id":778,"href":"https:\/\/fedemba.org.ar\/web\/wp-json\/wp\/v2\/posts\/772\/revisions\/778"}],"wp:featuredmedia":[{"embeddable":true,"href":"https:\/\/fedemba.org.ar\/web\/wp-json\/wp\/v2\/media\/774"}],"wp:attachment":[{"href":"https:\/\/fedemba.org.ar\/web\/wp-json\/wp\/v2\/media?parent=772"}],"wp:term":[{"taxonomy":"category","embeddable":true,"href":"https:\/\/fedemba.org.ar\/web\/wp-json\/wp\/v2\/categories?post=772"},{"taxonomy":"post_tag","embeddable":true,"href":"https:\/\/fedemba.org.ar\/web\/wp-json\/wp\/v2\/tags?post=772"}],"curies":[{"name":"wp","href":"https:\/\/api.w.org\/{rel}","templated":true}]}}