{"id":824,"date":"2016-08-26T16:18:55","date_gmt":"2016-08-26T19:18:55","guid":{"rendered":"http:\/\/fedemba.org.ar\/web\/?p=824"},"modified":"2016-08-26T16:22:32","modified_gmt":"2016-08-26T19:22:32","slug":"fedemba-realizo-el-curso-de-capacitacion-herramientas-para-la-gestion-estrategica","status":"publish","type":"post","link":"https:\/\/fedemba.org.ar\/web\/fedemba-realizo-el-curso-de-capacitacion-herramientas-para-la-gestion-estrategica\/","title":{"rendered":"FEDEMBA REALIZ\u00d3 EL CURSO DE CAPACITACI\u00d3N \u201cHERRAMIENTAS PARA LA GESTI\u00d3N ESTRAT\u00c9GICA\u201d"},"content":{"rendered":"<p><span style=\"color: #000000; font-family: Calibri;\">La Federaci\u00f3n de Entidades Mutuales de Buenos Aires <strong>(FEDEMBA)<\/strong>, <strong>realiz\u00f3<\/strong> <strong>ayer 25 de agosto el curso presencial de Capacitaci\u00f3n \u201cHerramientas para la Gesti\u00f3n Estrat\u00e9gica\u201d<\/strong>\u00a0en la sede de la mutual AMEPORT, <strong>destinado a los directivos actuales y potenciales de las mutuales adheridas a FEDEMBA<\/strong>. El mismo fue brindado por el Instituto de Capacitaci\u00f3n Mutual \u201cCarlos Castillo\u201d, el cual pertenece a la Organizaci\u00f3n de Entidades Mutuales de las Am\u00e9ricas (ODEMA) y a\u00a0la Asociaci\u00f3n Mutual de Protecci\u00f3n Familiar, entidad que integra la Federaci\u00f3n.<\/span><\/p>\n<p><span style=\"color: #000000; font-family: Calibri;\">En la apertura dieron la bienvenida el Presidente de FEDEMBA Dr. Dar\u00edo Mart\u00ednez Corti; El Vicepresidente de FEDEMBA y Presidente de AMEPORT Sr. Alberto Salom; y la Directora del Instituto Sra. Alejandra Morandeira. M\u00e1s de 60 dirigentes mutualistas se presentaron en\u00a0el sal\u00f3n auditorio y escucharon las disertaciones de los profesionales del Instituto, Lic. Carlos Castro y Prof. Sergio Echag\u00fce, quienes expusieron con plataformas did\u00e1cticas y videos interactivos.<\/span><\/p>\n<p><a href=\"http:\/\/fedemba.org.ar\/web\/wp-content\/uploads\/2016\/08\/CURSO-HERRAMIENTAS-PARA-LA-GESTI\u00d3N-ESTRAT\u00c9GICA-AGOSTO-2016-2.jpg\"><img decoding=\"async\" loading=\"lazy\" class=\"alignleft size-large wp-image-826\" src=\"http:\/\/fedemba.org.ar\/web\/wp-content\/uploads\/2016\/08\/CURSO-HERRAMIENTAS-PARA-LA-GESTI\u00d3N-ESTRAT\u00c9GICA-AGOSTO-2016-2-1024x803.jpg\" alt=\"CURSO HERRAMIENTAS PARA LA GESTI\u00d3N ESTRAT\u00c9GICA - AGOSTO 2016 (2)\" width=\"1024\" height=\"803\" srcset=\"https:\/\/fedemba.org.ar\/web\/wp-content\/uploads\/2016\/08\/CURSO-HERRAMIENTAS-PARA-LA-GESTI\u00d3N-ESTRAT\u00c9GICA-AGOSTO-2016-2-1024x803.jpg 1024w, https:\/\/fedemba.org.ar\/web\/wp-content\/uploads\/2016\/08\/CURSO-HERRAMIENTAS-PARA-LA-GESTI\u00d3N-ESTRAT\u00c9GICA-AGOSTO-2016-2-300x235.jpg 300w\" sizes=\"(max-width: 1024px) 100vw, 1024px\" \/><\/a><\/p>\n<p>&nbsp;<\/p>\n<p>El \u00a0curso tuvo como objetivo proveer nuevas estrategias comunicativas y de gesti\u00f3n para potenciar el crecimiento de las mutuales, a fin de lograr entidades vanguardistas, efectivas, s\u00f3lidas y eficientes.<\/p>\n<p><a href=\"http:\/\/fedemba.org.ar\/web\/wp-content\/uploads\/2016\/08\/CURSO-HERRAMIENTAS-PARA-LA-GESTI\u00d3N-ESTRAT\u00c9GICA-AGOSTO-2016-25.jpg\"><img decoding=\"async\" loading=\"lazy\" class=\"alignleft size-large wp-image-827\" src=\"http:\/\/fedemba.org.ar\/web\/wp-content\/uploads\/2016\/08\/CURSO-HERRAMIENTAS-PARA-LA-GESTI\u00d3N-ESTRAT\u00c9GICA-AGOSTO-2016-25-1024x768.jpg\" alt=\"CURSO HERRAMIENTAS PARA LA GESTI\u00d3N ESTRAT\u00c9GICA - AGOSTO 2016 (25)\" width=\"1024\" height=\"768\" srcset=\"https:\/\/fedemba.org.ar\/web\/wp-content\/uploads\/2016\/08\/CURSO-HERRAMIENTAS-PARA-LA-GESTI\u00d3N-ESTRAT\u00c9GICA-AGOSTO-2016-25-1024x768.jpg 1024w, https:\/\/fedemba.org.ar\/web\/wp-content\/uploads\/2016\/08\/CURSO-HERRAMIENTAS-PARA-LA-GESTI\u00d3N-ESTRAT\u00c9GICA-AGOSTO-2016-25-300x225.jpg 300w\" sizes=\"(max-width: 1024px) 100vw, 1024px\" \/><\/a><\/p>\n<p><span style=\"color: #000000; font-family: Calibri;\">Para finalizar<strong>, la Secretaria de Promoci\u00f3n y Relaciones Institucionales de FEDEMBA y Presidenta de CONAM, Dra. Rosa B. Rodr\u00edguez, <\/strong>resalt\u00f3<strong>\u00a0<\/strong>la importancia del trabajo en conjunto de la Federaci\u00f3n con sus mutuales adheridas.<\/span><\/p>\n<p><a href=\"http:\/\/fedemba.org.ar\/web\/wp-content\/uploads\/2016\/08\/1016481.jpg\"><img decoding=\"async\" loading=\"lazy\" class=\"alignleft size-large wp-image-828\" src=\"http:\/\/fedemba.org.ar\/web\/wp-content\/uploads\/2016\/08\/1016481-1024x502.jpg\" alt=\"\" width=\"1024\" height=\"502\" srcset=\"https:\/\/fedemba.org.ar\/web\/wp-content\/uploads\/2016\/08\/1016481-1024x502.jpg 1024w, https:\/\/fedemba.org.ar\/web\/wp-content\/uploads\/2016\/08\/1016481-300x147.jpg 300w, https:\/\/fedemba.org.ar\/web\/wp-content\/uploads\/2016\/08\/1016481.jpg 1200w\" sizes=\"(max-width: 1024px) 100vw, 1024px\" \/><\/a><\/p>\n<p><span style=\"color: #000000; font-family: Calibri;\"><strong>Es \u00a0importante destacar que se present\u00f3 el pr\u00f3ximo curso que realizar\u00e1 FEDEMBA, junto al Instituto de Capacitaci\u00f3n, sobre \u201cManejo de Riesgos y Microseguros Inclusivos\u201d,<\/strong> destinado a los directivos de las mutuales adheridas, que tendr\u00e1 como objetivo reflexionar sobre las herramientas de cobertura que existen para dar soluci\u00f3n a posibles riesgos que expongan a los asociados y a las entidades.<\/span><\/p>\n<p><a href=\"http:\/\/fedemba.org.ar\/web\/wp-content\/uploads\/2016\/08\/1016492.jpg\"><img decoding=\"async\" loading=\"lazy\" class=\"size-large wp-image-825\" src=\"http:\/\/fedemba.org.ar\/web\/wp-content\/uploads\/2016\/08\/1016492-1024x768.jpg\" alt=\"OLYMPUS DIGITAL CAMERA\" width=\"1024\" height=\"768\" srcset=\"https:\/\/fedemba.org.ar\/web\/wp-content\/uploads\/2016\/08\/1016492-1024x768.jpg 1024w, https:\/\/fedemba.org.ar\/web\/wp-content\/uploads\/2016\/08\/1016492-300x225.jpg 300w, https:\/\/fedemba.org.ar\/web\/wp-content\/uploads\/2016\/08\/1016492.jpg 1200w\" sizes=\"(max-width: 1024px) 100vw, 1024px\" \/><\/a><\/p>\n<p><a href=\"http:\/\/fedemba.org.ar\/web\/wp-content\/uploads\/2016\/08\/1016471.jpg\"><img decoding=\"async\" loading=\"lazy\" class=\"size-large wp-image-829\" src=\"http:\/\/fedemba.org.ar\/web\/wp-content\/uploads\/2016\/08\/1016471-1024x768.jpg\" alt=\"OLYMPUS DIGITAL CAMERA\" width=\"1024\" height=\"768\" srcset=\"https:\/\/fedemba.org.ar\/web\/wp-content\/uploads\/2016\/08\/1016471-1024x768.jpg 1024w, https:\/\/fedemba.org.ar\/web\/wp-content\/uploads\/2016\/08\/1016471-300x225.jpg 300w, https:\/\/fedemba.org.ar\/web\/wp-content\/uploads\/2016\/08\/1016471.jpg 1200w\" sizes=\"(max-width: 1024px) 100vw, 1024px\" \/><\/a><\/p>\n<p><a href=\"http:\/\/fedemba.org.ar\/web\/wp-content\/uploads\/2016\/08\/1016470.jpg\"><img decoding=\"async\" loading=\"lazy\" class=\"alignleft size-large wp-image-839\" src=\"http:\/\/fedemba.org.ar\/web\/wp-content\/uploads\/2016\/08\/1016470-1024x768.jpg\" alt=\"\" width=\"1024\" height=\"768\" srcset=\"https:\/\/fedemba.org.ar\/web\/wp-content\/uploads\/2016\/08\/1016470-1024x768.jpg 1024w, https:\/\/fedemba.org.ar\/web\/wp-content\/uploads\/2016\/08\/1016470-300x225.jpg 300w, https:\/\/fedemba.org.ar\/web\/wp-content\/uploads\/2016\/08\/1016470.jpg 1200w\" sizes=\"(max-width: 1024px) 100vw, 1024px\" \/><\/a><\/p>\n","protected":false},"excerpt":{"rendered":"<p>La Federaci\u00f3n de Entidades Mutuales de Buenos Aires (FEDEMBA), realiz\u00f3 ayer 25 de agosto el curso presencial de Capacitaci\u00f3n \u201cHerramientas para la Gesti\u00f3n Estrat\u00e9gica\u201d en la sede de la mutual AMEPORT, destinado a los directivos actuales y potenciales de las mutuales adheridas a FEDEMBA. <\/p>\n","protected":false},"author":1,"featured_media":825,"comment_status":"closed","ping_status":"closed","sticky":false,"template":"","format":"standard","meta":[],"categories":[1],"tags":[30,62,7,12,6,67,15,10,13,14],"_links":{"self":[{"href":"https:\/\/fedemba.org.ar\/web\/wp-json\/wp\/v2\/posts\/824"}],"collection":[{"href":"https:\/\/fedemba.org.ar\/web\/wp-json\/wp\/v2\/posts"}],"about":[{"href":"https:\/\/fedemba.org.ar\/web\/wp-json\/wp\/v2\/types\/post"}],"author":[{"embeddable":true,"href":"https:\/\/fedemba.org.ar\/web\/wp-json\/wp\/v2\/users\/1"}],"replies":[{"embeddable":true,"href":"https:\/\/fedemba.org.ar\/web\/wp-json\/wp\/v2\/comments?post=824"}],"version-history":[{"count":13,"href":"https:\/\/fedemba.org.ar\/web\/wp-json\/wp\/v2\/posts\/824\/revisions"}],"predecessor-version":[{"id":843,"href":"https:\/\/fedemba.org.ar\/web\/wp-json\/wp\/v2\/posts\/824\/revisions\/843"}],"wp:featuredmedia":[{"embeddable":true,"href":"https:\/\/fedemba.org.ar\/web\/wp-json\/wp\/v2\/media\/825"}],"wp:attachment":[{"href":"https:\/\/fedemba.org.ar\/web\/wp-json\/wp\/v2\/media?parent=824"}],"wp:term":[{"taxonomy":"category","embeddable":true,"href":"https:\/\/fedemba.org.ar\/web\/wp-json\/wp\/v2\/categories?post=824"},{"taxonomy":"post_tag","embeddable":true,"href":"https:\/\/fedemba.org.ar\/web\/wp-json\/wp\/v2\/tags?post=824"}],"curies":[{"name":"wp","href":"https:\/\/api.w.org\/{rel}","templated":true}]}}