{"id":845,"date":"2016-08-30T14:21:44","date_gmt":"2016-08-30T17:21:44","guid":{"rendered":"http:\/\/fedemba.org.ar\/web\/?p=845"},"modified":"2016-09-02T12:45:15","modified_gmt":"2016-09-02T15:45:15","slug":"noticias-de-mutuales-adheridas-gran-festejo-de-ameport-por-el-dia-del-nino","status":"publish","type":"post","link":"https:\/\/fedemba.org.ar\/web\/noticias-de-mutuales-adheridas-gran-festejo-de-ameport-por-el-dia-del-nino\/","title":{"rendered":"NOTICIAS DE MUTUALES ADHERIDAS: GRAN FESTEJO DE AMEPORT POR EL D\u00cdA DEL NI\u00d1O"},"content":{"rendered":"<p><strong>La mutual AMEPORT, entidad adherida a FEDEMBA, realiz\u00f3 un multitudinario festejo por el d\u00eda del ni\u00f1o <\/strong>el pasado 28 de agosto en el Teatro del Colegio Beata Inmelda, en Villa Urquiza, Capital Federal. En el mismo los socios de la entidad juntaron varias donaciones destinadas a diferentes comedores y casas de alojamiento infantil.<\/p>\n<p>Decenas de socios de AMEPORT junto a sus hijos asistieron a la m\u00e1gica jornada y pudieron disfrutar de una hermosa obra teatral infantil brindada por el grupo Beata Express y diversos shows musicales, donde los m\u00e1s peque\u00f1os cantaron y se divirtieron.<\/p>\n<p><a href=\"http:\/\/fedemba.org.ar\/web\/wp-content\/uploads\/2016\/08\/beata-24.jpg\"><img decoding=\"async\" loading=\"lazy\" class=\"alignleft size-full wp-image-847\" src=\"http:\/\/fedemba.org.ar\/web\/wp-content\/uploads\/2016\/08\/beata-24.jpg\" alt=\"beata-24\" width=\"1000\" height=\"667\" srcset=\"https:\/\/fedemba.org.ar\/web\/wp-content\/uploads\/2016\/08\/beata-24.jpg 1000w, https:\/\/fedemba.org.ar\/web\/wp-content\/uploads\/2016\/08\/beata-24-300x200.jpg 300w\" sizes=\"(max-width: 1000px) 100vw, 1000px\" \/><br \/>\n<\/a><\/p>\n<p><strong>La \u00a0jornada logr\u00f3 juntar alrededor de 300 juguetes y alimentos no perecederos que la mutual repartir\u00e1 en diferentes comedores y casas de alojamiento infantiles<\/strong>, donde todos los d\u00edas asisten a ni\u00f1os en situaci\u00f3n de calle o que necesitan ayuda alimentaria.<\/p>\n<p>De esta manera <strong>AMEPORT<\/strong> logr\u00f3, no solo entretener y brindar un agasajo a los hijos de sus\u00a0asociados, sino que tambi\u00e9n generaron\u00a0una sonrisa en tantos chicos con escasos recursos con las donaciones que realizaron.<\/p>\n<p><a href=\"http:\/\/fedemba.org.ar\/web\/wp-content\/uploads\/2016\/08\/beata-11.jpg\"><img decoding=\"async\" loading=\"lazy\" class=\"alignleft size-full wp-image-848\" src=\"http:\/\/fedemba.org.ar\/web\/wp-content\/uploads\/2016\/08\/beata-11.jpg\" alt=\"beata-11\" width=\"1000\" height=\"667\" srcset=\"https:\/\/fedemba.org.ar\/web\/wp-content\/uploads\/2016\/08\/beata-11.jpg 1000w, https:\/\/fedemba.org.ar\/web\/wp-content\/uploads\/2016\/08\/beata-11-300x200.jpg 300w\" sizes=\"(max-width: 1000px) 100vw, 1000px\" \/><br \/>\n<\/a><\/p>\n<p><strong>El \u00a0grupo Beata Express<\/strong> est\u00e1 integrado por un grupo de padres que todos los a\u00f1os arman diferentes espect\u00e1culos musicales para los m\u00e1s peque\u00f1os, en diversos colegios y eventos que organiza AMEPORT.<\/p>\n<p><a href=\"http:\/\/fedemba.org.ar\/web\/wp-content\/uploads\/2016\/03\/LOGO-SECCI\u00d3N-NOTICIAS-MUTUALES-ADHERIDAS.png\"><img decoding=\"async\" loading=\"lazy\" class=\"alignleft size-large wp-image-636\" src=\"http:\/\/fedemba.org.ar\/web\/wp-content\/uploads\/2016\/03\/LOGO-SECCI\u00d3N-NOTICIAS-MUTUALES-ADHERIDAS-1024x762.png\" alt=\"LOGO SECCI\u00d3N NOTICIAS MUTUALES ADHERIDAS\" width=\"1024\" height=\"762\" srcset=\"https:\/\/fedemba.org.ar\/web\/wp-content\/uploads\/2016\/03\/LOGO-SECCI\u00d3N-NOTICIAS-MUTUALES-ADHERIDAS-1024x762.png 1024w, https:\/\/fedemba.org.ar\/web\/wp-content\/uploads\/2016\/03\/LOGO-SECCI\u00d3N-NOTICIAS-MUTUALES-ADHERIDAS-300x223.png 300w, https:\/\/fedemba.org.ar\/web\/wp-content\/uploads\/2016\/03\/LOGO-SECCI\u00d3N-NOTICIAS-MUTUALES-ADHERIDAS.png 1768w\" sizes=\"(max-width: 1024px) 100vw, 1024px\" \/><\/a><\/p>\n<p>&nbsp;<\/p>\n","protected":false},"excerpt":{"rendered":"<p>La mutual AMEPORT, entidad adherida a FEDEMBA, realiz\u00f3 un multitudinario festejo por el d\u00eda del ni\u00f1o el pasado 28 de agosto en el Teatro del Colegio Beata Inmelda, en Villa Urquiza Capital Federal. En el mismo los socios de la entidad juntaron varias donaciones destinadas a diferentes comedores y casas de alojamiento infantil.<\/p>\n","protected":false},"author":1,"featured_media":846,"comment_status":"closed","ping_status":"closed","sticky":false,"template":"","format":"standard","meta":[],"categories":[1],"tags":[30,12,6,72,10],"_links":{"self":[{"href":"https:\/\/fedemba.org.ar\/web\/wp-json\/wp\/v2\/posts\/845"}],"collection":[{"href":"https:\/\/fedemba.org.ar\/web\/wp-json\/wp\/v2\/posts"}],"about":[{"href":"https:\/\/fedemba.org.ar\/web\/wp-json\/wp\/v2\/types\/post"}],"author":[{"embeddable":true,"href":"https:\/\/fedemba.org.ar\/web\/wp-json\/wp\/v2\/users\/1"}],"replies":[{"embeddable":true,"href":"https:\/\/fedemba.org.ar\/web\/wp-json\/wp\/v2\/comments?post=845"}],"version-history":[{"count":5,"href":"https:\/\/fedemba.org.ar\/web\/wp-json\/wp\/v2\/posts\/845\/revisions"}],"predecessor-version":[{"id":854,"href":"https:\/\/fedemba.org.ar\/web\/wp-json\/wp\/v2\/posts\/845\/revisions\/854"}],"wp:featuredmedia":[{"embeddable":true,"href":"https:\/\/fedemba.org.ar\/web\/wp-json\/wp\/v2\/media\/846"}],"wp:attachment":[{"href":"https:\/\/fedemba.org.ar\/web\/wp-json\/wp\/v2\/media?parent=845"}],"wp:term":[{"taxonomy":"category","embeddable":true,"href":"https:\/\/fedemba.org.ar\/web\/wp-json\/wp\/v2\/categories?post=845"},{"taxonomy":"post_tag","embeddable":true,"href":"https:\/\/fedemba.org.ar\/web\/wp-json\/wp\/v2\/tags?post=845"}],"curies":[{"name":"wp","href":"https:\/\/api.w.org\/{rel}","templated":true}]}}