{"id":867,"date":"2016-09-12T11:36:12","date_gmt":"2016-09-12T14:36:12","guid":{"rendered":"http:\/\/fedemba.org.ar\/web\/?p=867"},"modified":"2016-09-12T11:39:52","modified_gmt":"2016-09-12T14:39:52","slug":"se-acerca-la-asamblea-general-ordinaria-2016","status":"publish","type":"post","link":"https:\/\/fedemba.org.ar\/web\/se-acerca-la-asamblea-general-ordinaria-2016\/","title":{"rendered":"Se acerca la Asamblea General Ordinaria 2016"},"content":{"rendered":"<h3><strong><u>Sres. Presidentes de Mutuales <\/u><\/strong> <strong><u>adheridas a FEDEMBA<\/u><\/strong><\/h3>\n<p>De nuestra mayor consideraci\u00f3n:<\/p>\n<p>Tenemos el agrado de dirigirnos a ustedes con el fin de informarles, como ya lo hicimos oportunamente detallando la cantidad de delegados por entidad, que <strong>el jueves 15 de septiembre del corriente a\u00f1o a las 18.30 horas se llevar\u00e1 a cabo la Asamblea General Ordinaria de la Federaci\u00f3n de Entidades Mutuales de Buenos Aires (FEDEMBA),<\/strong> oportunamente convocada y publicada de acuerdo a las normas legales vigentes. <strong>La misma se realizar\u00e1 en Venezuela 449, Capital Federal<\/strong>, para tratar el siguiente orden del d\u00eda:<\/p>\n<p>&nbsp;<\/p>\n<p><strong>1\u00b0)<\/strong> Designaci\u00f3n de dos Delegados para la firma del Acta de Asamblea.<\/p>\n<p><strong>2\u00b0)<\/strong> Consideraci\u00f3n de la Memoria, Balance General, Cuadros Anexos, Cuenta de Gastos y Recursos e Informe de la Junta Fiscalizadora y del Auditor Externo correspondientes al Ejercicio cerrado el 31-05-2016.<\/p>\n<p><strong> 3\u00ba)<\/strong> Ratificaci\u00f3n del aumento de la cuota social.<\/p>\n<p><strong><span style=\"font-family: Arial;\">Por otra parte, queremos comentarles que FEDEMBA, junto a CONAM, se encuentra recolectando \u00fatiles escolares, juguetes y elementos de higiene personal (shampoo, dent\u00edfricos, cepillos de dientes, peines, jabones, etc.) para ser donados al Centro de Atenci\u00f3n V\u00edctimas de Violencia Familiar \u201cMargarita Barrientos\u201d, por lo que solicitamos a las entidades a que acerquen sus donaciones a Humberto 1\u00ba 986 5\u00ba \u201c32\u201d, Capital Federal, o que puedan llevarlas a la Asamblea.<\/span><\/strong><\/p>\n<p><strong>Finalmente, compartiremos todos juntos un Vino de Honor, sin costo para las entidades federadas<\/strong>. Resulta sumamente importante y valioso contar con ustedes para fortalecer la integraci\u00f3n de las mutuales de la Federaci\u00f3n. Sin otro particular, cordialmente.<\/p>\n<p><a href=\"http:\/\/fedemba.org.ar\/web\/wp-content\/uploads\/2016\/09\/image006.jpg\"><img decoding=\"async\" loading=\"lazy\" class=\"alignleft size-full wp-image-869\" src=\"http:\/\/fedemba.org.ar\/web\/wp-content\/uploads\/2016\/09\/image006.jpg\" alt=\"image006\" width=\"469\" height=\"140\" srcset=\"https:\/\/fedemba.org.ar\/web\/wp-content\/uploads\/2016\/09\/image006.jpg 469w, https:\/\/fedemba.org.ar\/web\/wp-content\/uploads\/2016\/09\/image006-300x90.jpg 300w\" sizes=\"(max-width: 469px) 100vw, 469px\" \/><\/a><\/p>\n","protected":false},"excerpt":{"rendered":"<p>el jueves 15 de septiembre del corriente a\u00f1o a las 18.30 horas se llevar\u00e1 a cabo la Asamblea General Ordinaria de la Federaci\u00f3n de Entidades Mutuales de Buenos Aires (FEDEMBA), oportunamente convocada y publicada de acuerdo a las normas legales vigentes. La misma se realizar\u00e1 en Venezuela 449, Capital Federal.<\/p>\n","protected":false},"author":1,"featured_media":161,"comment_status":"closed","ping_status":"closed","sticky":false,"template":"","format":"standard","meta":[],"categories":[1],"tags":[19,12,6,10],"_links":{"self":[{"href":"https:\/\/fedemba.org.ar\/web\/wp-json\/wp\/v2\/posts\/867"}],"collection":[{"href":"https:\/\/fedemba.org.ar\/web\/wp-json\/wp\/v2\/posts"}],"about":[{"href":"https:\/\/fedemba.org.ar\/web\/wp-json\/wp\/v2\/types\/post"}],"author":[{"embeddable":true,"href":"https:\/\/fedemba.org.ar\/web\/wp-json\/wp\/v2\/users\/1"}],"replies":[{"embeddable":true,"href":"https:\/\/fedemba.org.ar\/web\/wp-json\/wp\/v2\/comments?post=867"}],"version-history":[{"count":3,"href":"https:\/\/fedemba.org.ar\/web\/wp-json\/wp\/v2\/posts\/867\/revisions"}],"predecessor-version":[{"id":871,"href":"https:\/\/fedemba.org.ar\/web\/wp-json\/wp\/v2\/posts\/867\/revisions\/871"}],"wp:featuredmedia":[{"embeddable":true,"href":"https:\/\/fedemba.org.ar\/web\/wp-json\/wp\/v2\/media\/161"}],"wp:attachment":[{"href":"https:\/\/fedemba.org.ar\/web\/wp-json\/wp\/v2\/media?parent=867"}],"wp:term":[{"taxonomy":"category","embeddable":true,"href":"https:\/\/fedemba.org.ar\/web\/wp-json\/wp\/v2\/categories?post=867"},{"taxonomy":"post_tag","embeddable":true,"href":"https:\/\/fedemba.org.ar\/web\/wp-json\/wp\/v2\/tags?post=867"}],"curies":[{"name":"wp","href":"https:\/\/api.w.org\/{rel}","templated":true}]}}