{"id":872,"date":"2016-09-16T14:32:00","date_gmt":"2016-09-16T17:32:00","guid":{"rendered":"http:\/\/fedemba.org.ar\/web\/?p=872"},"modified":"2016-09-16T14:38:39","modified_gmt":"2016-09-16T17:38:39","slug":"se-desarrollo-la-asamblea-general-ordinaria-2016","status":"publish","type":"post","link":"https:\/\/fedemba.org.ar\/web\/se-desarrollo-la-asamblea-general-ordinaria-2016\/","title":{"rendered":"SE DESARROLL\u00d3 LA ASAMBLEA GENERAL ORDINARIA 2016"},"content":{"rendered":"<p>La Federaci\u00f3n de Entidades Mutuales de Buenos Aires<strong> (FEDEMBA) desarroll\u00f3 ayer 15 de septiembre la Asamblea General Ordinaria en la sede social de la Asociaci\u00f3n de Empleados de la Administraci\u00f3n Nacional de Aduanas (AEANA), con m\u00e1s de 90 asistentes, entre los delegados de las mutuales adheridas y otros invitados especiales.<\/strong><\/p>\n<p>Antes de comenzar con el Orden del D\u00eda de la Asamblea, el Tesorero de AEANA Sr. Hugo Ricardo Duchini tuvo c\u00e1lidas palabras de bienvenida para todos los presentes. Luego el Prosecretario Prof. Rodolfo Daniel Giacomozzi, quien adem\u00e1s es el Presidente de la Junta de Estudios Hist\u00f3ricos Aduaneros \u201cDomingo Francisco Belgrano\u201d, realiz\u00f3 una breve rese\u00f1a del edificio de AEANA, donde naci\u00f3 y vivi\u00f3 el hist\u00f3rico Gral. Manuel Belgrano y su familia.<\/p>\n<p><a href=\"http:\/\/fedemba.org.ar\/web\/wp-content\/uploads\/2016\/09\/DSC_3195.jpg\"><img decoding=\"async\" loading=\"lazy\" class=\"alignleft size-full wp-image-874\" src=\"http:\/\/fedemba.org.ar\/web\/wp-content\/uploads\/2016\/09\/DSC_3195.jpg\" alt=\"dsc_3195\" width=\"617\" height=\"447\" srcset=\"https:\/\/fedemba.org.ar\/web\/wp-content\/uploads\/2016\/09\/DSC_3195.jpg 617w, https:\/\/fedemba.org.ar\/web\/wp-content\/uploads\/2016\/09\/DSC_3195-300x217.jpg 300w\" sizes=\"(max-width: 617px) 100vw, 617px\" \/><br \/>\n<\/a><\/p>\n<p>&nbsp;<\/p>\n<p>&nbsp;<\/p>\n<p>&nbsp;<\/p>\n<p>&nbsp;<\/p>\n<p>&nbsp;<\/p>\n<p>&nbsp;<\/p>\n<p>&nbsp;<\/p>\n<p>&nbsp;<\/p>\n<p>&nbsp;<\/p>\n<p>&nbsp;<\/p>\n<p>&nbsp;<\/p>\n<p>&nbsp;<\/p>\n<p>&nbsp;<\/p>\n<p>Posteriormente, se aprobaron por unanimidad la Memoria, el Balance General, Cuadros Anexos, Cuenta de Gastos y Recursos e Informe de la Junta Fiscalizadora y del Auditor Externo, correspondientes al \u00faltimo ejercicio que comprende el per\u00edodo del 01\/06\/2015 al 31\/05\/2016. Asimismo, se mostr\u00f3 un video con todas las actividades de la Federaci\u00f3n durante el ejercicio, el cual fue muy aplaudido y agradecido por los presentes.<\/p>\n<p>A continuaci\u00f3n <strong>el Presidente de FEDEMBA, Dr. Dar\u00edo Mart\u00ednez Corti detall\u00f3 hechos puntuales de la Memoria y destac\u00f3 el laborioso esfuerzo en cada actividad solidaria que FEDEMBA se empe\u00f1o en cumplir, con acciones que involucran la asistencia social y la difusi\u00f3n de los principios y valores mutualistas.<\/strong><\/p>\n<p><strong>Acto seguido, el Presidente de FEDEMBA Dr. Dar\u00edo Martinez Corti, el Secretario Sr. Hugo Bozini y la Dra. Rosa B. Rodr\u00edguez, Secretaria de Promoci\u00f3n y Relaciones Institucionales de la Federaci\u00f3n y Presidenta de la Confederaci\u00f3n Nacional de Mutualidades de la Rep\u00fablica Argentina (CONAM), agradecieron el apoyo incondicional de todos, destacaron la asistencia de los medios de prensa mutualista y solicitaron un aplauso para el grupo que conforma FEDEMBA.<\/strong><\/p>\n<p><a href=\"http:\/\/fedemba.org.ar\/web\/wp-content\/uploads\/2016\/09\/DSC_3218-1.jpg\"><img decoding=\"async\" loading=\"lazy\" class=\"alignleft size-full wp-image-875\" src=\"http:\/\/fedemba.org.ar\/web\/wp-content\/uploads\/2016\/09\/DSC_3218-1.jpg\" alt=\"dsc_3218-1\" width=\"662\" height=\"450\" srcset=\"https:\/\/fedemba.org.ar\/web\/wp-content\/uploads\/2016\/09\/DSC_3218-1.jpg 662w, https:\/\/fedemba.org.ar\/web\/wp-content\/uploads\/2016\/09\/DSC_3218-1-300x204.jpg 300w\" sizes=\"(max-width: 662px) 100vw, 662px\" \/><br \/>\n<\/a><\/p>\n<p>&nbsp;<\/p>\n<p>&nbsp;<\/p>\n<p>&nbsp;<\/p>\n<p>&nbsp;<\/p>\n<p>&nbsp;<\/p>\n<p>&nbsp;<\/p>\n<p>&nbsp;<\/p>\n<p>&nbsp;<\/p>\n<p>&nbsp;<\/p>\n<p>&nbsp;<\/p>\n<p>&nbsp;<\/p>\n<p>&nbsp;<\/p>\n<p>&nbsp;<\/p>\n<p>Finalmente, el Consejo Directivo comparti\u00f3 con todos los presentes un lunch de camarader\u00eda y un vino de honor, adem\u00e1s de visitar las instalaciones hist\u00f3ricas de la sede de AEANA.<\/p>\n<p><a href=\"http:\/\/fedemba.org.ar\/web\/wp-content\/uploads\/2016\/09\/DSC_3266.jpg\"><img decoding=\"async\" loading=\"lazy\" class=\"alignleft size-full wp-image-876\" src=\"http:\/\/fedemba.org.ar\/web\/wp-content\/uploads\/2016\/09\/DSC_3266.jpg\" alt=\"dsc_3266\" width=\"642\" height=\"450\" srcset=\"https:\/\/fedemba.org.ar\/web\/wp-content\/uploads\/2016\/09\/DSC_3266.jpg 642w, https:\/\/fedemba.org.ar\/web\/wp-content\/uploads\/2016\/09\/DSC_3266-300x210.jpg 300w\" sizes=\"(max-width: 642px) 100vw, 642px\" \/><br \/>\n<\/a><\/p>\n<p>&nbsp;<\/p>\n<p><a href=\"http:\/\/fedemba.org.ar\/web\/wp-content\/uploads\/2016\/09\/DSC_3229.jpg\"><img decoding=\"async\" loading=\"lazy\" class=\"alignleft size-large wp-image-882\" src=\"http:\/\/fedemba.org.ar\/web\/wp-content\/uploads\/2016\/09\/DSC_3229-1024x680.jpg\" alt=\"dsc_3229\" width=\"1024\" height=\"680\" srcset=\"https:\/\/fedemba.org.ar\/web\/wp-content\/uploads\/2016\/09\/DSC_3229-1024x680.jpg 1024w, https:\/\/fedemba.org.ar\/web\/wp-content\/uploads\/2016\/09\/DSC_3229-300x199.jpg 300w, https:\/\/fedemba.org.ar\/web\/wp-content\/uploads\/2016\/09\/DSC_3229.jpg 1355w\" sizes=\"(max-width: 1024px) 100vw, 1024px\" \/><\/a><\/p>\n<p><a href=\"http:\/\/fedemba.org.ar\/web\/wp-content\/uploads\/2016\/09\/DSC_3180.jpg\"><img decoding=\"async\" loading=\"lazy\" class=\"alignleft size-full wp-image-877\" src=\"http:\/\/fedemba.org.ar\/web\/wp-content\/uploads\/2016\/09\/DSC_3180.jpg\" alt=\"dsc_3180\" width=\"329\" height=\"360\" srcset=\"https:\/\/fedemba.org.ar\/web\/wp-content\/uploads\/2016\/09\/DSC_3180.jpg 329w, https:\/\/fedemba.org.ar\/web\/wp-content\/uploads\/2016\/09\/DSC_3180-274x300.jpg 274w\" sizes=\"(max-width: 329px) 100vw, 329px\" \/><\/a><\/p>\n","protected":false},"excerpt":{"rendered":"<p>La Federaci\u00f3n de Entidades Mutuales de Buenos Aires (FEDEMBA) desarroll\u00f3 ayer 15 de septiembre la Asamblea General Ordinaria en la sede social de la Asociaci\u00f3n de Empleados de la Administraci\u00f3n Nacional de Aduanas (AEANA), con m\u00e1s de 90 asistentes, entre los delegados de las mutuales adheridas y otros invitados especiales.<\/p>\n","protected":false},"author":1,"featured_media":873,"comment_status":"closed","ping_status":"closed","sticky":false,"template":"","format":"standard","meta":[],"categories":[1],"tags":[19,7,12,6,17,61,10,14],"_links":{"self":[{"href":"https:\/\/fedemba.org.ar\/web\/wp-json\/wp\/v2\/posts\/872"}],"collection":[{"href":"https:\/\/fedemba.org.ar\/web\/wp-json\/wp\/v2\/posts"}],"about":[{"href":"https:\/\/fedemba.org.ar\/web\/wp-json\/wp\/v2\/types\/post"}],"author":[{"embeddable":true,"href":"https:\/\/fedemba.org.ar\/web\/wp-json\/wp\/v2\/users\/1"}],"replies":[{"embeddable":true,"href":"https:\/\/fedemba.org.ar\/web\/wp-json\/wp\/v2\/comments?post=872"}],"version-history":[{"count":7,"href":"https:\/\/fedemba.org.ar\/web\/wp-json\/wp\/v2\/posts\/872\/revisions"}],"predecessor-version":[{"id":885,"href":"https:\/\/fedemba.org.ar\/web\/wp-json\/wp\/v2\/posts\/872\/revisions\/885"}],"wp:featuredmedia":[{"embeddable":true,"href":"https:\/\/fedemba.org.ar\/web\/wp-json\/wp\/v2\/media\/873"}],"wp:attachment":[{"href":"https:\/\/fedemba.org.ar\/web\/wp-json\/wp\/v2\/media?parent=872"}],"wp:term":[{"taxonomy":"category","embeddable":true,"href":"https:\/\/fedemba.org.ar\/web\/wp-json\/wp\/v2\/categories?post=872"},{"taxonomy":"post_tag","embeddable":true,"href":"https:\/\/fedemba.org.ar\/web\/wp-json\/wp\/v2\/tags?post=872"}],"curies":[{"name":"wp","href":"https:\/\/api.w.org\/{rel}","templated":true}]}}