{"id":932,"date":"2016-10-27T12:34:34","date_gmt":"2016-10-27T15:34:34","guid":{"rendered":"http:\/\/fedemba.org.ar\/web\/?p=932"},"modified":"2016-10-27T12:34:34","modified_gmt":"2016-10-27T15:34:34","slug":"abierta-la-inscripcion-para-el-curso-presencial-manejo-de-riesgos-y-microseguros-inclusivos","status":"publish","type":"post","link":"https:\/\/fedemba.org.ar\/web\/abierta-la-inscripcion-para-el-curso-presencial-manejo-de-riesgos-y-microseguros-inclusivos\/","title":{"rendered":"ABIERTA LA INSCRIPCI\u00d3N PARA EL CURSO PRESENCIAL MANEJO DE RIESGOS Y MICROSEGUROS INCLUSIVOS"},"content":{"rendered":"<p>FEDEMBA invita a participar, en forma gratuita, del <strong>CURSO PRESENCIAL MANEJO DE RIESGOS Y MICROSEGUROS INCLUSIVOS,<\/strong> que se desarrollar\u00e1 el pr\u00f3ximo <strong>JUEVES 3 DE NOVIEMBRE<\/strong> a partir de las 14 horas en la sede de la mutual <strong>AMEPORT<\/strong>, Hip\u00f3lito Yrigoyen 684, Capital Federal.<br \/>\nLa invitaci\u00f3n est\u00e1 dirigida a\u00a0los directivos actuales y potenciales de las mutuales adheridas a FEDEMBA y ser\u00e1 brindado por el Instituto de Capacitaci\u00f3n Mutual Carlos Castillo, el cual pertenece a la Organizaci\u00f3n de Entidades Mutuales de las Am\u00e9ricas (ODEMA) y a la Asociaci\u00f3n Mutual de Protecci\u00f3n Familiar, entidad que integra nuestra Federaci\u00f3n.<br \/>\nAquellos que est\u00e9n interesados pueden inscribirse con nombre y apellido, DNI y direcci\u00f3n de e-mail al 4361-7491 o en <a href=\"mailto:fedemba@yahoo.com.ar\">fedemba@yahoo.com.ar<\/a>. <strong>CUPOS LIMITADOS.\u00a0FECHA TOPE DE INSCRIPCI\u00d3N: LUNES 31\u00a0DE OCTUBRE.<\/strong><\/p>\n<p><a href=\"http:\/\/fedemba.org.ar\/web\/wp-content\/uploads\/2016\/10\/Curso-Riesgos-Seguros-.jpg\"><img decoding=\"async\" loading=\"lazy\" class=\"alignleft size-large wp-image-933\" src=\"http:\/\/fedemba.org.ar\/web\/wp-content\/uploads\/2016\/10\/Curso-Riesgos-Seguros--745x1024.jpg\" alt=\"4 Diplomatura mailing\" width=\"745\" height=\"1024\" srcset=\"https:\/\/fedemba.org.ar\/web\/wp-content\/uploads\/2016\/10\/Curso-Riesgos-Seguros--745x1024.jpg 745w, https:\/\/fedemba.org.ar\/web\/wp-content\/uploads\/2016\/10\/Curso-Riesgos-Seguros--218x300.jpg 218w, https:\/\/fedemba.org.ar\/web\/wp-content\/uploads\/2016\/10\/Curso-Riesgos-Seguros-.jpg 950w\" sizes=\"(max-width: 745px) 100vw, 745px\" \/><\/a><\/p>\n","protected":false},"excerpt":{"rendered":"<p>FEDEMBA invita a participar, en forma gratuita, del CURSO PRESENCIAL MANEJO DE RIESGOS Y MICROSEGUROS INCLUSIVOS, que se desarrollar\u00e1 el pr\u00f3ximo JUEVES 3 DE NOVIEMBRE a partir de las 14 horas en la sede de la mutual AMEPORT, Hip\u00f3lito Yrigoyen 684, Capital Federal. La invitaci\u00f3n est\u00e1 dirigida a los directivos actuales y potenciales de las mutuales adheridas a FEDEMBA.<\/p>\n","protected":false},"author":1,"featured_media":933,"comment_status":"closed","ping_status":"closed","sticky":false,"template":"","format":"standard","meta":[],"categories":[1],"tags":[30,79,12,6,67,78,10,13],"_links":{"self":[{"href":"https:\/\/fedemba.org.ar\/web\/wp-json\/wp\/v2\/posts\/932"}],"collection":[{"href":"https:\/\/fedemba.org.ar\/web\/wp-json\/wp\/v2\/posts"}],"about":[{"href":"https:\/\/fedemba.org.ar\/web\/wp-json\/wp\/v2\/types\/post"}],"author":[{"embeddable":true,"href":"https:\/\/fedemba.org.ar\/web\/wp-json\/wp\/v2\/users\/1"}],"replies":[{"embeddable":true,"href":"https:\/\/fedemba.org.ar\/web\/wp-json\/wp\/v2\/comments?post=932"}],"version-history":[{"count":1,"href":"https:\/\/fedemba.org.ar\/web\/wp-json\/wp\/v2\/posts\/932\/revisions"}],"predecessor-version":[{"id":934,"href":"https:\/\/fedemba.org.ar\/web\/wp-json\/wp\/v2\/posts\/932\/revisions\/934"}],"wp:featuredmedia":[{"embeddable":true,"href":"https:\/\/fedemba.org.ar\/web\/wp-json\/wp\/v2\/media\/933"}],"wp:attachment":[{"href":"https:\/\/fedemba.org.ar\/web\/wp-json\/wp\/v2\/media?parent=932"}],"wp:term":[{"taxonomy":"category","embeddable":true,"href":"https:\/\/fedemba.org.ar\/web\/wp-json\/wp\/v2\/categories?post=932"},{"taxonomy":"post_tag","embeddable":true,"href":"https:\/\/fedemba.org.ar\/web\/wp-json\/wp\/v2\/tags?post=932"}],"curies":[{"name":"wp","href":"https:\/\/api.w.org\/{rel}","templated":true}]}}