{"id":936,"date":"2016-10-28T17:13:29","date_gmt":"2016-10-28T20:13:29","guid":{"rendered":"http:\/\/fedemba.org.ar\/web\/?p=936"},"modified":"2016-10-28T17:20:09","modified_gmt":"2016-10-28T20:20:09","slug":"fedemba-participo-en-una-jornada-de-orientacion-profesional-destinada-a-mas-de-300-jovenes","status":"publish","type":"post","link":"https:\/\/fedemba.org.ar\/web\/fedemba-participo-en-una-jornada-de-orientacion-profesional-destinada-a-mas-de-300-jovenes\/","title":{"rendered":"FEDEMBA PARTICIP\u00d3 EN UNA JORNADA DE ORIENTACI\u00d3N PROFESIONAL DESTINADA A M\u00c1S DE 300 J\u00d3VENES"},"content":{"rendered":"<p><strong>La Federaci\u00f3n de Entidades Mutuales de Buenos Aires (FEDEMBA)<\/strong> contin\u00faa con su firme compromiso en la difusi\u00f3n de los valores mutualistas hacia los j\u00f3venes. <strong>En esta ocasi\u00f3n, el Vocal Titular 1\u00ba, Sr. Mart\u00edn Grazioli, el Integrante de la Junta Fiscalizadora y Presidente de la Asociaci\u00f3n Mutual Sociedad Central de Arquitectos, Sr. H\u00e9ctor Zubiaguirre, y el Prof. Sergio Echag\u00fce,<\/strong> <strong>participaron en una\u00a0\u201cJornada de Orientaci\u00f3n Profesional\u201d destinada a m\u00e1s de 300 j\u00f3venes estudiantes<\/strong>, organizada por el Rotary Internacional y con la colaboraci\u00f3n del Ministerio de Educaci\u00f3n de la Ciudad Aut\u00f3noma de Buenos Aires, el pasado 26 de octubre en el Colegio Manuel Belgrano.<\/p>\n<p><a href=\"http:\/\/fedemba.org.ar\/web\/wp-content\/uploads\/2016\/10\/14695429_10153804115967890_8399341212218995876_n.jpg\"><img decoding=\"async\" loading=\"lazy\" class=\"alignleft size-full wp-image-937\" src=\"http:\/\/fedemba.org.ar\/web\/wp-content\/uploads\/2016\/10\/14695429_10153804115967890_8399341212218995876_n.jpg\" alt=\"14695429_10153804115967890_8399341212218995876_n\" width=\"960\" height=\"540\" srcset=\"https:\/\/fedemba.org.ar\/web\/wp-content\/uploads\/2016\/10\/14695429_10153804115967890_8399341212218995876_n.jpg 960w, https:\/\/fedemba.org.ar\/web\/wp-content\/uploads\/2016\/10\/14695429_10153804115967890_8399341212218995876_n-300x169.jpg 300w\" sizes=\"(max-width: 960px) 100vw, 960px\" \/><br \/>\n<\/a><\/p>\n<p><strong>Los representantes les transmitieron a los j\u00f3venes sus experiencias<\/strong> sobre el mutualismo,\u00a0<strong>brind\u00e1ndoles herramientas para desarrollarse profesional y humanamente<\/strong> en la econom\u00eda social.<\/p>\n<p><a href=\"http:\/\/fedemba.org.ar\/web\/wp-content\/uploads\/2016\/10\/14721538_10153804116197890_7021246525905565971_n.jpg\"><img decoding=\"async\" loading=\"lazy\" class=\"alignleft size-full wp-image-938\" src=\"http:\/\/fedemba.org.ar\/web\/wp-content\/uploads\/2016\/10\/14721538_10153804116197890_7021246525905565971_n.jpg\" alt=\"14721538_10153804116197890_7021246525905565971_n\" width=\"665\" height=\"528\" srcset=\"https:\/\/fedemba.org.ar\/web\/wp-content\/uploads\/2016\/10\/14721538_10153804116197890_7021246525905565971_n.jpg 665w, https:\/\/fedemba.org.ar\/web\/wp-content\/uploads\/2016\/10\/14721538_10153804116197890_7021246525905565971_n-300x238.jpg 300w\" sizes=\"(max-width: 665px) 100vw, 665px\" \/><\/a><\/p>\n<p>&nbsp;<\/p>\n<p>&nbsp;<\/p>\n<p>&nbsp;<\/p>\n<p>&nbsp;<\/p>\n<p>&nbsp;<\/p>\n<p>&nbsp;<\/p>\n<p>&nbsp;<\/p>\n<p>&nbsp;<\/p>\n<p>&nbsp;<\/p>\n<p>&nbsp;<\/p>\n<p>&nbsp;<\/p>\n<p>&nbsp;<\/p>\n<p>&nbsp;<\/p>\n<p>&nbsp;<\/p>\n<p>&nbsp;<\/p>\n<p>&nbsp;<\/p>\n<p>El evento<strong>\u00a0cont\u00f3 con la presencia de otros 20 rubros profesionales, donde el mutualismo estuvo presente a trav\u00e9s de FEDEMBA con la firme intenci\u00f3n de acercar el movimiento a los estudiantes y difundir el trabajo que se realiza en todos los rincones del pa\u00eds.<\/strong><\/p>\n<p>&nbsp;<\/p>\n","protected":false},"excerpt":{"rendered":"<p>La Federaci\u00f3n de Entidades Mutuales de Buenos Aires (FEDEMBA) contin\u00faa con su firme compromiso en la difusi\u00f3n de los valores mutualistas hacia los j\u00f3venes. En esta ocasi\u00f3n, el Vocal Titular 1\u00ba, Sr. Mart\u00edn Grazioli, el Integrante de la Junta Fiscalizadora y Presidente de la Asociaci\u00f3n Mutual Sociedad Central de Arquitectos, Sr. H\u00e9ctor Zubiaguirre, y el Prof. Sergio Echag\u00fce, participaron en la \u201cJornada de Orientaci\u00f3n Profesional\u201d destinada a m\u00e1s de 300 j\u00f3venes estudiantes, organizada por el Rotary Internacional y con la colaboraci\u00f3n del Ministerio de Educaci\u00f3n de la Ciudad Aut\u00f3noma de Buenos Aires, el pasado 26 de octubre en el Colegio Manuel Belgrano.<\/p>\n","protected":false},"author":1,"featured_media":939,"comment_status":"closed","ping_status":"closed","sticky":false,"template":"","format":"standard","meta":[],"categories":[1],"tags":[12,6,81,80,10],"_links":{"self":[{"href":"https:\/\/fedemba.org.ar\/web\/wp-json\/wp\/v2\/posts\/936"}],"collection":[{"href":"https:\/\/fedemba.org.ar\/web\/wp-json\/wp\/v2\/posts"}],"about":[{"href":"https:\/\/fedemba.org.ar\/web\/wp-json\/wp\/v2\/types\/post"}],"author":[{"embeddable":true,"href":"https:\/\/fedemba.org.ar\/web\/wp-json\/wp\/v2\/users\/1"}],"replies":[{"embeddable":true,"href":"https:\/\/fedemba.org.ar\/web\/wp-json\/wp\/v2\/comments?post=936"}],"version-history":[{"count":5,"href":"https:\/\/fedemba.org.ar\/web\/wp-json\/wp\/v2\/posts\/936\/revisions"}],"predecessor-version":[{"id":944,"href":"https:\/\/fedemba.org.ar\/web\/wp-json\/wp\/v2\/posts\/936\/revisions\/944"}],"wp:featuredmedia":[{"embeddable":true,"href":"https:\/\/fedemba.org.ar\/web\/wp-json\/wp\/v2\/media\/939"}],"wp:attachment":[{"href":"https:\/\/fedemba.org.ar\/web\/wp-json\/wp\/v2\/media?parent=936"}],"wp:term":[{"taxonomy":"category","embeddable":true,"href":"https:\/\/fedemba.org.ar\/web\/wp-json\/wp\/v2\/categories?post=936"},{"taxonomy":"post_tag","embeddable":true,"href":"https:\/\/fedemba.org.ar\/web\/wp-json\/wp\/v2\/tags?post=936"}],"curies":[{"name":"wp","href":"https:\/\/api.w.org\/{rel}","templated":true}]}}