{"id":952,"date":"2016-11-04T13:13:24","date_gmt":"2016-11-04T16:13:24","guid":{"rendered":"http:\/\/fedemba.org.ar\/web\/?p=952"},"modified":"2016-11-04T13:13:24","modified_gmt":"2016-11-04T16:13:24","slug":"fedemba-realizo-el-curso-de-capacitacion-manejo-de-riesgos-y-microseguros-inclusivos","status":"publish","type":"post","link":"https:\/\/fedemba.org.ar\/web\/fedemba-realizo-el-curso-de-capacitacion-manejo-de-riesgos-y-microseguros-inclusivos\/","title":{"rendered":"FEDEMBA REALIZ\u00d3 EL CURSO DE CAPACITACI\u00d3N \u201cMANEJO DE RIESGOS Y MICROSEGUROS INCLUSIVOS\u201d"},"content":{"rendered":"<p>La Federaci\u00f3n de Entidades Mutuales de Buenos Aires <strong>(FEDEMBA)<\/strong>\u00a0<strong>realiz\u00f3<\/strong> <strong>ayer 3 de noviembre el Curso Presencial de Capacitaci\u00f3n \u201cManejo de Riesgos y Microseguros inclusivos\u201d <\/strong>en la sede de la mutual AMEPORT, <strong>destinado a los directivos actuales y potenciales de las mutuales adheridas a FEDEMBA<\/strong>. El mismo fue brindado por el Instituto de Capacitaci\u00f3n Mutual \u201cCarlos Castillo\u201d, el cual pertenece a la Organizaci\u00f3n de Entidades Mutuales de las Am\u00e9ricas (ODEMA) y a\u00a0la Asociaci\u00f3n Mutual de Protecci\u00f3n Familiar, entidad adherida a\u00a0la Federaci\u00f3n.<\/p>\n<p>En la apertura dieron la bienvenida el Presidente de FEDEMBA, Dr. Dar\u00edo Mart\u00ednez Corti, y el Vicepresidente de AMEPORT, Dr. Ricardo Lorenzo. Asimismo, el Gerente de Desarrollo de la Asociaci\u00f3n Mutual de Protecci\u00f3n Familiar, Gast\u00f3n Salvioli, y Oksana Berezyna, de la misma entidad, brindaron las disertaciones con plataformas did\u00e1cticas y videos interactivos.<\/p>\n<p><a href=\"http:\/\/fedemba.org.ar\/web\/wp-content\/uploads\/2016\/11\/DSCN2278.jpg\"><img decoding=\"async\" loading=\"lazy\" class=\"alignleft size-large wp-image-954\" src=\"http:\/\/fedemba.org.ar\/web\/wp-content\/uploads\/2016\/11\/DSCN2278-854x1024.jpg\" alt=\"dscn2278\" width=\"854\" height=\"1024\" srcset=\"https:\/\/fedemba.org.ar\/web\/wp-content\/uploads\/2016\/11\/DSCN2278-854x1024.jpg 854w, https:\/\/fedemba.org.ar\/web\/wp-content\/uploads\/2016\/11\/DSCN2278-250x300.jpg 250w\" sizes=\"(max-width: 854px) 100vw, 854px\" \/><br \/>\n<\/a><\/p>\n<p><strong>Las exposiciones estuvieron orientadas a reflexionar sobre las herramientas de cobertura que existen dentro de una comunidad, con \u00e9nfasis en el mutualismo, para dar soluci\u00f3n a posibles riesgos que expongan a los asociados.<\/strong><\/p>\n<p><a href=\"http:\/\/fedemba.org.ar\/web\/wp-content\/uploads\/2016\/11\/DSCN2304.jpg\"><img decoding=\"async\" loading=\"lazy\" class=\"alignleft size-large wp-image-956\" src=\"http:\/\/fedemba.org.ar\/web\/wp-content\/uploads\/2016\/11\/DSCN2304-1024x768.jpg\" alt=\"dscn2304\" width=\"1024\" height=\"768\" srcset=\"https:\/\/fedemba.org.ar\/web\/wp-content\/uploads\/2016\/11\/DSCN2304-1024x768.jpg 1024w, https:\/\/fedemba.org.ar\/web\/wp-content\/uploads\/2016\/11\/DSCN2304-300x225.jpg 300w\" sizes=\"(max-width: 1024px) 100vw, 1024px\" \/><\/a><\/p>\n<p><a href=\"http:\/\/fedemba.org.ar\/web\/wp-content\/uploads\/2016\/11\/DSCN2289.jpg\"><img decoding=\"async\" loading=\"lazy\" class=\"alignleft size-large wp-image-953\" src=\"http:\/\/fedemba.org.ar\/web\/wp-content\/uploads\/2016\/11\/DSCN2289-1024x768.jpg\" alt=\"dscn2289\" width=\"1024\" height=\"768\" srcset=\"https:\/\/fedemba.org.ar\/web\/wp-content\/uploads\/2016\/11\/DSCN2289-1024x768.jpg 1024w, https:\/\/fedemba.org.ar\/web\/wp-content\/uploads\/2016\/11\/DSCN2289-300x225.jpg 300w\" sizes=\"(max-width: 1024px) 100vw, 1024px\" \/><\/a><\/p>\n<p>&nbsp;<\/p>\n<p>Destacamos la activa colaboraci\u00f3n brindada, tanto por el personal como por los directivos de la mutual AMEPORT. Asimismo, agradecemos al Instituto de Capacitaci\u00f3n Mutual \u201cCarlos Castillo\u201d por el exhaustivo compromiso en pos de un enriquecimiento intelectual y profesional en los diversos \u00e1mbitos mutualistas.<\/p>\n","protected":false},"excerpt":{"rendered":"<p>La Federaci\u00f3n de Entidades Mutuales de Buenos Aires (FEDEMBA) realiz\u00f3 ayer 3 de noviembre el Curso Presencial de Capacitaci\u00f3n \u201cManejo de Riesgos y Microseguros inclusivos\u201d en la sede de la mutual AMEPORT, destinado a los directivos actuales y potenciales de las mutuales adheridas a FEDEMBA. El mismo fue brindado por el Instituto de Capacitaci\u00f3n Mutual \u201cCarlos Castillo\u201d, el cual pertenece a la Organizaci\u00f3n de Entidades Mutuales de las Am\u00e9ricas (ODEMA) y a la Asociaci\u00f3n Mutual de Protecci\u00f3n Familiar, entidad adherida a la Federaci\u00f3n.<\/p>\n","protected":false},"author":1,"featured_media":955,"comment_status":"closed","ping_status":"closed","sticky":false,"template":"","format":"standard","meta":[],"categories":[1],"tags":[30,56,7,12,6,67,15,10,83],"_links":{"self":[{"href":"https:\/\/fedemba.org.ar\/web\/wp-json\/wp\/v2\/posts\/952"}],"collection":[{"href":"https:\/\/fedemba.org.ar\/web\/wp-json\/wp\/v2\/posts"}],"about":[{"href":"https:\/\/fedemba.org.ar\/web\/wp-json\/wp\/v2\/types\/post"}],"author":[{"embeddable":true,"href":"https:\/\/fedemba.org.ar\/web\/wp-json\/wp\/v2\/users\/1"}],"replies":[{"embeddable":true,"href":"https:\/\/fedemba.org.ar\/web\/wp-json\/wp\/v2\/comments?post=952"}],"version-history":[{"count":3,"href":"https:\/\/fedemba.org.ar\/web\/wp-json\/wp\/v2\/posts\/952\/revisions"}],"predecessor-version":[{"id":959,"href":"https:\/\/fedemba.org.ar\/web\/wp-json\/wp\/v2\/posts\/952\/revisions\/959"}],"wp:featuredmedia":[{"embeddable":true,"href":"https:\/\/fedemba.org.ar\/web\/wp-json\/wp\/v2\/media\/955"}],"wp:attachment":[{"href":"https:\/\/fedemba.org.ar\/web\/wp-json\/wp\/v2\/media?parent=952"}],"wp:term":[{"taxonomy":"category","embeddable":true,"href":"https:\/\/fedemba.org.ar\/web\/wp-json\/wp\/v2\/categories?post=952"},{"taxonomy":"post_tag","embeddable":true,"href":"https:\/\/fedemba.org.ar\/web\/wp-json\/wp\/v2\/tags?post=952"}],"curies":[{"name":"wp","href":"https:\/\/api.w.org\/{rel}","templated":true}]}}