{"id":979,"date":"2016-12-22T13:59:23","date_gmt":"2016-12-22T16:59:23","guid":{"rendered":"http:\/\/fedemba.org.ar\/web\/?p=979"},"modified":"2016-12-22T13:59:23","modified_gmt":"2016-12-22T16:59:23","slug":"fedemba-celebro-fin-de-ano-junto-a-conam-y-odema","status":"publish","type":"post","link":"https:\/\/fedemba.org.ar\/web\/fedemba-celebro-fin-de-ano-junto-a-conam-y-odema\/","title":{"rendered":"FEDEMBA CELEBR\u00d3 FIN DE A\u00d1O JUNTO A CONAM Y ODEMA"},"content":{"rendered":"<p><strong>El Consejo Directivo de la Federaci\u00f3n de Entidades Mutuales de Buenos Aires (FEDEMBA) celebr\u00f3 la reuni\u00f3n de fin de a\u00f1o junto a la Confederaci\u00f3n Nacional de Mutualidades de la Rep\u00fablica Argentina (CONAM) y la Organizaci\u00f3n de Entidades Mutuales de las Am\u00e9ricas (ODEMA)<\/strong>, el pasado 16 de diciembre en el Campo Recreativo de Pasteleros en City Bell. En el encuentro\u00a0participaron el Presidente de ODEMA, Sr Alfredo Sigliano; la Presidenta de CONAM, Dra. Rosa B. Rodr\u00edguez; y el Presidente de la Asociaci\u00f3n Mutual \u201c12 de Enero\u201d Trabajadores Pasteleros, Confiteros, Pizzeros, Heladeros, Alfajoreros y Servicios R\u00e1pidos, Sr. Luis Hlebowicz.<\/p>\n<p><a href=\"http:\/\/fedemba.org.ar\/web\/wp-content\/uploads\/2016\/12\/TARJETA-FEDEMBA-2016.jpg\"><img decoding=\"async\" loading=\"lazy\" class=\"alignleft size-large wp-image-982\" src=\"http:\/\/fedemba.org.ar\/web\/wp-content\/uploads\/2016\/12\/TARJETA-FEDEMBA-2016-1024x977.jpg\" alt=\"tarjeta-fedemba-2016\" width=\"1024\" height=\"977\" srcset=\"https:\/\/fedemba.org.ar\/web\/wp-content\/uploads\/2016\/12\/TARJETA-FEDEMBA-2016-1024x977.jpg 1024w, https:\/\/fedemba.org.ar\/web\/wp-content\/uploads\/2016\/12\/TARJETA-FEDEMBA-2016-300x286.jpg 300w, https:\/\/fedemba.org.ar\/web\/wp-content\/uploads\/2016\/12\/TARJETA-FEDEMBA-2016.jpg 1299w\" sizes=\"(max-width: 1024px) 100vw, 1024px\" \/><\/a><\/p>\n<p><strong>En el 2016, FEDEMBA prosigui\u00f3 con la representaci\u00f3n institucional de sus entidades adheridas,\u00a0gracias al esfuerzo y fortaleza de cada uno de sus dirigentes, quienes con pasi\u00f3n, dedicaci\u00f3n y perseverancia acompa\u00f1aron las gestiones mutualistas.<\/strong><\/p>\n<p><strong>Agradecemos a todos por acompa\u00f1arnos en un nuevo a\u00f1o y reiteramos nuestro deseo y compromiso de trabajar para el engrandecimiento del sector.<\/strong><\/p>\n<p><a href=\"http:\/\/fedemba.org.ar\/web\/wp-content\/uploads\/2016\/12\/20161216_135412-0.jpg\"><img decoding=\"async\" loading=\"lazy\" class=\"alignleft size-large wp-image-981\" src=\"http:\/\/fedemba.org.ar\/web\/wp-content\/uploads\/2016\/12\/20161216_135412-0-1024x576.jpg\" alt=\"20161216_135412-0\" width=\"1024\" height=\"576\" srcset=\"https:\/\/fedemba.org.ar\/web\/wp-content\/uploads\/2016\/12\/20161216_135412-0-1024x576.jpg 1024w, https:\/\/fedemba.org.ar\/web\/wp-content\/uploads\/2016\/12\/20161216_135412-0-300x169.jpg 300w\" sizes=\"(max-width: 1024px) 100vw, 1024px\" \/><\/a><\/p>\n","protected":false},"excerpt":{"rendered":"<p>El Consejo Directivo de la Federaci\u00f3n de Entidades Mutuales de Buenos Aires (FEDEMBA) celebr\u00f3 la reuni\u00f3n de fin de a\u00f1o junto a la Confederaci\u00f3n Nacional de Mutualidades de la Rep\u00fablica Argentina (CONAM) y la Organizaci\u00f3n de Entidades Mutuales de las Am\u00e9ricas (ODEMA), el pasado 16 de diciembre en el Campo Recreativo de Pasteleros en City Bell. <\/p>\n","protected":false},"author":1,"featured_media":981,"comment_status":"closed","ping_status":"closed","sticky":false,"template":"","format":"standard","meta":[],"categories":[1],"tags":[37,18,9,12,6,85,10,13,14],"_links":{"self":[{"href":"https:\/\/fedemba.org.ar\/web\/wp-json\/wp\/v2\/posts\/979"}],"collection":[{"href":"https:\/\/fedemba.org.ar\/web\/wp-json\/wp\/v2\/posts"}],"about":[{"href":"https:\/\/fedemba.org.ar\/web\/wp-json\/wp\/v2\/types\/post"}],"author":[{"embeddable":true,"href":"https:\/\/fedemba.org.ar\/web\/wp-json\/wp\/v2\/users\/1"}],"replies":[{"embeddable":true,"href":"https:\/\/fedemba.org.ar\/web\/wp-json\/wp\/v2\/comments?post=979"}],"version-history":[{"count":2,"href":"https:\/\/fedemba.org.ar\/web\/wp-json\/wp\/v2\/posts\/979\/revisions"}],"predecessor-version":[{"id":983,"href":"https:\/\/fedemba.org.ar\/web\/wp-json\/wp\/v2\/posts\/979\/revisions\/983"}],"wp:featuredmedia":[{"embeddable":true,"href":"https:\/\/fedemba.org.ar\/web\/wp-json\/wp\/v2\/media\/981"}],"wp:attachment":[{"href":"https:\/\/fedemba.org.ar\/web\/wp-json\/wp\/v2\/media?parent=979"}],"wp:term":[{"taxonomy":"category","embeddable":true,"href":"https:\/\/fedemba.org.ar\/web\/wp-json\/wp\/v2\/categories?post=979"},{"taxonomy":"post_tag","embeddable":true,"href":"https:\/\/fedemba.org.ar\/web\/wp-json\/wp\/v2\/tags?post=979"}],"curies":[{"name":"wp","href":"https:\/\/api.w.org\/{rel}","templated":true}]}}