{"id":985,"date":"2017-05-16T15:51:56","date_gmt":"2017-05-16T18:51:56","guid":{"rendered":"http:\/\/fedemba.org.ar\/web\/?p=985"},"modified":"2017-05-16T15:53:40","modified_gmt":"2017-05-16T18:53:40","slug":"fedemba-presente-en-un-evento-de-amuprena","status":"publish","type":"post","link":"https:\/\/fedemba.org.ar\/web\/fedemba-presente-en-un-evento-de-amuprena\/","title":{"rendered":"FEDEMBA PRESENTE EN UN EVENTO DE AMUPRENA"},"content":{"rendered":"<p><strong>La Federaci\u00f3n de Entidades Mutuales de Buenos Aires<\/strong> estuvo presente el pasado 5 de mayo en una\u00a0ceremonia de la <strong>ASOCIACI\u00d3N MUTUAL PREFECTURA NAVAL \u201cAMUPRENA\u201d<\/strong>, la cual homenaje\u00f3 a\u00a0sus\u00a0asociados que cumplieron <strong>50 a\u00f1os<\/strong> en tal condici\u00f3n.\u00a0Estuvieron presentes, en representaci\u00f3n de FEDEMBA,<strong> el Presidente Dr. DAR\u00cdO MART\u00cdNEZ CORTI\u00a0y el Asesor Jur\u00eddico Dr. ROBERTO DE CICCO.<\/strong><\/p>\n<div id=\"attachment_989\" style=\"width: 1034px\" class=\"wp-caption alignleft\"><a href=\"http:\/\/fedemba.org.ar\/web\/wp-content\/uploads\/2017\/05\/Amuprena-mayo-2017-1-0.jpg\"><img aria-describedby=\"caption-attachment-989\" decoding=\"async\" loading=\"lazy\" class=\"size-large wp-image-989\" src=\"http:\/\/fedemba.org.ar\/web\/wp-content\/uploads\/2017\/05\/Amuprena-mayo-2017-1-0-1024x683.jpg\" alt=\"Prefecto Mayor (RE) Arrieta (Vicepresidente FE.M.FA.SE),  Dr. De Cicco (Asesor Jur\u00eddico FEDEMBA), Dr. Mart\u00ednez Corti (Presidente FEDEMBA).\" width=\"1024\" height=\"683\" srcset=\"https:\/\/fedemba.org.ar\/web\/wp-content\/uploads\/2017\/05\/Amuprena-mayo-2017-1-0-1024x683.jpg 1024w, https:\/\/fedemba.org.ar\/web\/wp-content\/uploads\/2017\/05\/Amuprena-mayo-2017-1-0-300x200.jpg 300w\" sizes=\"(max-width: 1024px) 100vw, 1024px\" \/><\/a><p id=\"caption-attachment-989\" class=\"wp-caption-text\">Prefecto Mayor (RE) Arrieta (Vicepresidente FE.M.FA.SE), Dr. De Cicco (Asesor Jur\u00eddico FEDEMBA), Dr. Mart\u00ednez Corti (Presidente FEDEMBA).<\/p><\/div>\n<div id=\"attachment_990\" style=\"width: 1034px\" class=\"wp-caption alignleft\"><a href=\"http:\/\/fedemba.org.ar\/web\/wp-content\/uploads\/2017\/05\/Amuprena-mayo-2017-2-0.jpg\"><img aria-describedby=\"caption-attachment-990\" decoding=\"async\" loading=\"lazy\" class=\"size-large wp-image-990\" src=\"http:\/\/fedemba.org.ar\/web\/wp-content\/uploads\/2017\/05\/Amuprena-mayo-2017-2-0-1024x683.jpg\" alt=\"En la primera fila: Dr. Mart\u00ednez Corti (Presidente FEDEMBA), General de Brigada (R) Brown (Presidente FE.M.FA.SE.), Padre Diego (Capellan Mayor de la Prefectura Naval Argentina), Director de Administraci\u00f3n Financiera Prefecto Mayor Giusto y Secretario General  Prefecto General Zurmuhle, ambos de la Prefectura Naval Argentina.\" width=\"1024\" height=\"683\" srcset=\"https:\/\/fedemba.org.ar\/web\/wp-content\/uploads\/2017\/05\/Amuprena-mayo-2017-2-0-1024x683.jpg 1024w, https:\/\/fedemba.org.ar\/web\/wp-content\/uploads\/2017\/05\/Amuprena-mayo-2017-2-0-300x200.jpg 300w\" sizes=\"(max-width: 1024px) 100vw, 1024px\" \/><\/a><p id=\"caption-attachment-990\" class=\"wp-caption-text\">En la primera fila: Dr. Mart\u00ednez Corti (Presidente FEDEMBA), General de Brigada (R) Brown (Presidente FE.M.FA.SE.), Padre Diego (Capellan Mayor de la Prefectura Naval Argentina), Director de Administraci\u00f3n Financiera Prefecto Mayor Giusto y Secretario General Prefecto General Zurmuhle, ambos de la Prefectura Naval Argentina.<\/p><\/div>\n<p>Dicho acto se realiz\u00f3 en los salones del Complejo Social y Cultural del C\u00edrculo de Oficiales de la Prefectura Naval Argentina, fue presidido por el actual Presidente de la Mutual, el Prefecto Mayor GUSTAVO ALBERTO GROSSO, y finaliz\u00f3 con palabras alusivas al evento y brindis tradicional por parte del Secretario General de la Prefectura Naval Argentina, el Prefecto General RODOLFO ZURMUHLE.<\/p>\n<div id=\"attachment_991\" style=\"width: 1034px\" class=\"wp-caption alignleft\"><a href=\"http:\/\/fedemba.org.ar\/web\/wp-content\/uploads\/2017\/05\/Amuprena-mayo-2017-3-0.jpg\"><img aria-describedby=\"caption-attachment-991\" decoding=\"async\" loading=\"lazy\" class=\"size-large wp-image-991\" src=\"http:\/\/fedemba.org.ar\/web\/wp-content\/uploads\/2017\/05\/Amuprena-mayo-2017-3-0-1024x683.jpg\" alt=\"Prefecto Mayor Grosso (Presidente AMUPRENA) y se\u00f1ora esposa.\" width=\"1024\" height=\"683\" srcset=\"https:\/\/fedemba.org.ar\/web\/wp-content\/uploads\/2017\/05\/Amuprena-mayo-2017-3-0-1024x683.jpg 1024w, https:\/\/fedemba.org.ar\/web\/wp-content\/uploads\/2017\/05\/Amuprena-mayo-2017-3-0-300x200.jpg 300w\" sizes=\"(max-width: 1024px) 100vw, 1024px\" \/><\/a><p id=\"caption-attachment-991\" class=\"wp-caption-text\">Prefecto Mayor Grosso (Presidente AMUPRENA) y se\u00f1ora esposa.<\/p><\/div>\n<div id=\"attachment_992\" style=\"width: 1034px\" class=\"wp-caption alignleft\"><a href=\"http:\/\/fedemba.org.ar\/web\/wp-content\/uploads\/2017\/05\/Amuprena-mayo-2017-4-0.jpg\"><img aria-describedby=\"caption-attachment-992\" decoding=\"async\" loading=\"lazy\" class=\"size-large wp-image-992\" src=\"http:\/\/fedemba.org.ar\/web\/wp-content\/uploads\/2017\/05\/Amuprena-mayo-2017-4-0-1024x683.jpg\" alt=\"Directorio de AMUPRENA (Prefecto Radivonchik \u2013Vocal Suplente-, Prefecto Mayor (RE) Taborda \u2013Vocal Suplente-, Prefecto Principal Bareiro \u2013 Vocal Titular-, Prefecto Mayor (RE) Contreras \u2013Vocal Titular-, Prefecto Mayor Grosso \u2013Presidente-, Prefecto Mayor (RE) Zambrano \u2013Tesorero-, Prefecto Bossio \u2013 Vocal Titular-, Prefecto (RE) Passano \u2013Secretario-, Prefecto (RE) Salguero \u2013Vocal Suplente-, Prefecto Principal (RE) Castello.\" width=\"1024\" height=\"683\" srcset=\"https:\/\/fedemba.org.ar\/web\/wp-content\/uploads\/2017\/05\/Amuprena-mayo-2017-4-0-1024x683.jpg 1024w, https:\/\/fedemba.org.ar\/web\/wp-content\/uploads\/2017\/05\/Amuprena-mayo-2017-4-0-300x200.jpg 300w\" sizes=\"(max-width: 1024px) 100vw, 1024px\" \/><\/a><p id=\"caption-attachment-992\" class=\"wp-caption-text\">Directorio de AMUPRENA (Prefecto Radivonchik \u2013Vocal Suplente-, Prefecto Mayor (RE) Taborda \u2013Vocal Suplente-, Prefecto Principal Bareiro \u2013 Vocal Titular-, Prefecto Mayor (RE) Contreras \u2013Vocal Titular-, Prefecto Mayor Grosso \u2013Presidente-, Prefecto Mayor (RE) Zambrano \u2013Tesorero-, Prefecto Bossio \u2013 Vocal Titular-, Prefecto (RE) Passano \u2013Secretario-, Prefecto (RE) Salguero \u2013Vocal Suplente-, Prefecto Principal (RE) Castello.<\/p><\/div>\n<div id=\"attachment_986\" style=\"width: 1034px\" class=\"wp-caption alignleft\"><a href=\"http:\/\/fedemba.org.ar\/web\/wp-content\/uploads\/2017\/05\/Amuprena-mayo-2017-5.jpg\"><img aria-describedby=\"caption-attachment-986\" decoding=\"async\" loading=\"lazy\" class=\"size-large wp-image-986\" src=\"http:\/\/fedemba.org.ar\/web\/wp-content\/uploads\/2017\/05\/Amuprena-mayo-2017-5-1024x683.jpg\" alt=\"Prefecto Mayor (RE) Arrieta (Vicepresidente FE.M.FA.SE), General de Brigada (R) Brown (Presidente FE.M.FA.SE.), Dr. De Cicco (Asesor Legal FEDEMBA), Dr. Valladares (Director del peri\u00f3dico Mundo Mutual), Dra. Asquineyer (Directora de promoci\u00f3n del peri\u00f3dico Mundo Mutual),  Dr. Mart\u00ednez Corti (Presidente FEDEMBA), Sr. L\u00e9rtora (Gerente AMUPRENA), Sr. Capparelli (Gerente AMUPRENA).\" width=\"1024\" height=\"683\" srcset=\"https:\/\/fedemba.org.ar\/web\/wp-content\/uploads\/2017\/05\/Amuprena-mayo-2017-5-1024x683.jpg 1024w, https:\/\/fedemba.org.ar\/web\/wp-content\/uploads\/2017\/05\/Amuprena-mayo-2017-5-300x200.jpg 300w\" sizes=\"(max-width: 1024px) 100vw, 1024px\" \/><\/a><p id=\"caption-attachment-986\" class=\"wp-caption-text\">Prefecto Mayor (RE) Arrieta (Vicepresidente FE.M.FA.SE), General de Brigada (R) Brown (Presidente FE.M.FA.SE.), Dr. De Cicco (Asesor Legal FEDEMBA), Dr. Valladares (Director del peri\u00f3dico Mundo Mutual), Dra. Asquineyer (Directora de promoci\u00f3n del peri\u00f3dico Mundo Mutual), Dr. Mart\u00ednez Corti (Presidente FEDEMBA), Sr. L\u00e9rtora (Gerente AMUPRENA), Sr. Capparelli (Gerente AMUPRENA).<\/p><\/div>\n","protected":false},"excerpt":{"rendered":"<p>La Federaci\u00f3n de Entidades Mutuales de Buenos Aires estuvo presente el pasado 5 de mayo en una ceremonia de la ASOCIACI\u00d3N MUTUAL PREFECTURA NAVAL \u201cAMUPRENA\u201d, la cual homenaje\u00f3 a sus asociados que cumplieron 50 a\u00f1os en tal condici\u00f3n. Estuvieron presentes, en representaci\u00f3n de FEDEMBA, el Presidente Dr. DAR\u00cdO MART\u00cdNEZ CORTI y el Asesor Jur\u00eddico Dr. ROBERTO DE CICCO.<\/p>\n","protected":false},"author":1,"featured_media":986,"comment_status":"closed","ping_status":"closed","sticky":false,"template":"","format":"standard","meta":[],"categories":[1],"tags":[86,7,12,6,10,57],"_links":{"self":[{"href":"https:\/\/fedemba.org.ar\/web\/wp-json\/wp\/v2\/posts\/985"}],"collection":[{"href":"https:\/\/fedemba.org.ar\/web\/wp-json\/wp\/v2\/posts"}],"about":[{"href":"https:\/\/fedemba.org.ar\/web\/wp-json\/wp\/v2\/types\/post"}],"author":[{"embeddable":true,"href":"https:\/\/fedemba.org.ar\/web\/wp-json\/wp\/v2\/users\/1"}],"replies":[{"embeddable":true,"href":"https:\/\/fedemba.org.ar\/web\/wp-json\/wp\/v2\/comments?post=985"}],"version-history":[{"count":3,"href":"https:\/\/fedemba.org.ar\/web\/wp-json\/wp\/v2\/posts\/985\/revisions"}],"predecessor-version":[{"id":995,"href":"https:\/\/fedemba.org.ar\/web\/wp-json\/wp\/v2\/posts\/985\/revisions\/995"}],"wp:featuredmedia":[{"embeddable":true,"href":"https:\/\/fedemba.org.ar\/web\/wp-json\/wp\/v2\/media\/986"}],"wp:attachment":[{"href":"https:\/\/fedemba.org.ar\/web\/wp-json\/wp\/v2\/media?parent=985"}],"wp:term":[{"taxonomy":"category","embeddable":true,"href":"https:\/\/fedemba.org.ar\/web\/wp-json\/wp\/v2\/categories?post=985"},{"taxonomy":"post_tag","embeddable":true,"href":"https:\/\/fedemba.org.ar\/web\/wp-json\/wp\/v2\/tags?post=985"}],"curies":[{"name":"wp","href":"https:\/\/api.w.org\/{rel}","templated":true}]}}